{"id":6249,"date":"2018-04-13T19:51:11","date_gmt":"2018-04-13T22:51:11","guid":{"rendered":"http:\/\/170.210.81.106\/newfade\/?p=6249"},"modified":"2022-10-07T19:52:12","modified_gmt":"2022-10-07T22:52:12","slug":"charla-debate-sobre-juventudes-memoria-y-derechos-humanos","status":"publish","type":"post","link":"https:\/\/fadeweb.uncoma.edu.ar\/index.php\/2018\/04\/13\/charla-debate-sobre-juventudes-memoria-y-derechos-humanos\/","title":{"rendered":"CHARLA DEBATE SOBRE JUVENTUDES, MEMORIA Y DERECHOS HUMANOS"},"content":{"rendered":"<p class=\"texto\"><img fetchpriority=\"high\" decoding=\"async\" class=\"aligncenter wp-image-6250 size-large\" src=\"https:\/\/fadeweb.uncoma.edu.ar\/wp-content\/uploads\/2022\/10\/Juventudes-MemoriaDDHH-1024x683.jpg\" alt=\"\" width=\"800\" height=\"534\" srcset=\"https:\/\/fadeweb.uncoma.edu.ar\/wp-content\/uploads\/2022\/10\/Juventudes-MemoriaDDHH-1024x683.jpg 1024w, https:\/\/fadeweb.uncoma.edu.ar\/wp-content\/uploads\/2022\/10\/Juventudes-MemoriaDDHH-300x200.jpg 300w, https:\/\/fadeweb.uncoma.edu.ar\/wp-content\/uploads\/2022\/10\/Juventudes-MemoriaDDHH-768x512.jpg 768w, https:\/\/fadeweb.uncoma.edu.ar\/wp-content\/uploads\/2022\/10\/Juventudes-MemoriaDDHH-1536x1024.jpg 1536w, https:\/\/fadeweb.uncoma.edu.ar\/wp-content\/uploads\/2022\/10\/Juventudes-MemoriaDDHH.jpg 1920w\" sizes=\"(max-width: 800px) 100vw, 800px\" \/>La charla debate \u00abJuventudes, Memoria y Derechos Humanos. Escenarios y Desaf\u00edos Actuales\u00bb se llevar\u00e1 a cabo el viernes 13 de abril a las 18 hs. en el aula 36 de la Facultad de Derecho y Ciencias Sociales. Contar\u00e1 con la presencia del licenciado Alejandro Goya Villagr\u00e1n, y ser\u00e1 en el marco del programa \u00abDerechos Humanos, Juventud y Memoria\u00bb.<\/p>\n<p class=\"texto\">El encuentro tendr\u00e1 una duraci\u00f3n de una hora reloj, y tendr\u00e1 por objetivo \u00abDesarrollar un recorrido desde una perspectiva sociojur\u00eddica del\u00a0 paradigma de Juventudes, describir la situaci\u00f3n actual y Desaf\u00edos en la construcci\u00f3n de Pol\u00edticas P\u00fablicas Transversales, en el marco de la Memoria y Derechos Humanos\u201d<\/p>\n<p class=\"texto\">Est\u00e1 destinada a estudiantes, referentes comunitarios, equipos t\u00e9cnicos que trabajan con juventudes, funcionarios y comunidad en general.<\/p>\n<p class=\"texto\">La actividad es libre y gratuita. Se entregar\u00e1n certificados de asistencia.<\/p>\n<p class=\"texto\">Las inscripciones se realizan en la Secretar\u00eda de Extensi\u00f3n, en el horario de 08:00 a 14:00 hs, o el mismo d\u00eda de la actividad.<\/p>\n<p class=\"texto\">El licenciado Goya Villagr\u00e1n es Trabajador Social, Diplomado en Gesti\u00f3n y Control de Pol\u00edticas P\u00fablicas de FLACSO, Creador y Ex Director de Pol\u00edticas P\u00fablicas de Juventudes del Municipio de Cipolletti. En la actualidad integra equipos t\u00e9cnicos de la Secretaria de Extensi\u00f3n Universitaria de la UNCo y Equipo Territorial\u00a0 de la Senadora Nacional Silvina Garc\u00eda Larraburu.<\/p>\n","protected":false},"excerpt":{"rendered":"<p>La charla debate \u00abJuventudes, Memoria y Derechos Humanos. Escenarios y Desaf\u00edos Actuales\u00bb se llevar\u00e1 a cabo el viernes 13 de abril a las 18 hs. en el aula 36 de la Facultad de Derecho y Ciencias Sociales. Contar\u00e1 con la presencia del licenciado Alejandro Goya Villagr\u00e1n, y ser\u00e1 en el marco del programa \u00abDerechos Humanos, [&hellip;]<\/p>\n","protected":false},"author":2,"featured_media":6250,"comment_status":"open","ping_status":"open","sticky":false,"template":"","format":"standard","meta":{"footnotes":""},"categories":[11,5,43],"tags":[],"class_list":["post-6249","post","type-post","status-publish","format-standard","has-post-thumbnail","hentry","category-11","category-notifadecs","category-promocion-defensa-derechos-humanos"],"_links":{"self":[{"href":"https:\/\/fadeweb.uncoma.edu.ar\/index.php\/wp-json\/wp\/v2\/posts\/6249","targetHints":{"allow":["GET"]}}],"collection":[{"href":"https:\/\/fadeweb.uncoma.edu.ar\/index.php\/wp-json\/wp\/v2\/posts"}],"about":[{"href":"https:\/\/fadeweb.uncoma.edu.ar\/index.php\/wp-json\/wp\/v2\/types\/post"}],"author":[{"embeddable":true,"href":"https:\/\/fadeweb.uncoma.edu.ar\/index.php\/wp-json\/wp\/v2\/users\/2"}],"replies":[{"embeddable":true,"href":"https:\/\/fadeweb.uncoma.edu.ar\/index.php\/wp-json\/wp\/v2\/comments?post=6249"}],"version-history":[{"count":1,"href":"https:\/\/fadeweb.uncoma.edu.ar\/index.php\/wp-json\/wp\/v2\/posts\/6249\/revisions"}],"predecessor-version":[{"id":6251,"href":"https:\/\/fadeweb.uncoma.edu.ar\/index.php\/wp-json\/wp\/v2\/posts\/6249\/revisions\/6251"}],"wp:featuredmedia":[{"embeddable":true,"href":"https:\/\/fadeweb.uncoma.edu.ar\/index.php\/wp-json\/wp\/v2\/media\/6250"}],"wp:attachment":[{"href":"https:\/\/fadeweb.uncoma.edu.ar\/index.php\/wp-json\/wp\/v2\/media?parent=6249"}],"wp:term":[{"taxonomy":"category","embeddable":true,"href":"https:\/\/fadeweb.uncoma.edu.ar\/index.php\/wp-json\/wp\/v2\/categories?post=6249"},{"taxonomy":"post_tag","embeddable":true,"href":"https:\/\/fadeweb.uncoma.edu.ar\/index.php\/wp-json\/wp\/v2\/tags?post=6249"}],"curies":[{"name":"wp","href":"https:\/\/api.w.org\/{rel}","templated":true}]}}