{"id":6246,"date":"2018-04-18T19:49:52","date_gmt":"2018-04-18T22:49:52","guid":{"rendered":"http:\/\/170.210.81.106\/newfade\/?p=6246"},"modified":"2022-10-07T19:50:57","modified_gmt":"2022-10-07T22:50:57","slug":"la-militarizacion-en-la-region-latinoamericana","status":"publish","type":"post","link":"https:\/\/fadeweb.uncoma.edu.ar\/index.php\/2018\/04\/18\/la-militarizacion-en-la-region-latinoamericana\/","title":{"rendered":"LA MILITARIZACI\u00d3N EN LA REGI\u00d3N LATINOAMERICANA"},"content":{"rendered":"<p class=\"texto\"><img fetchpriority=\"high\" decoding=\"async\" class=\"aligncenter wp-image-6247 size-large\" src=\"https:\/\/fadeweb.uncoma.edu.ar\/wp-content\/uploads\/2022\/10\/militarizacion-latinoamerica-1024x683.jpg\" alt=\"\" width=\"800\" height=\"534\" srcset=\"https:\/\/fadeweb.uncoma.edu.ar\/wp-content\/uploads\/2022\/10\/militarizacion-latinoamerica-1024x683.jpg 1024w, https:\/\/fadeweb.uncoma.edu.ar\/wp-content\/uploads\/2022\/10\/militarizacion-latinoamerica-300x200.jpg 300w, https:\/\/fadeweb.uncoma.edu.ar\/wp-content\/uploads\/2022\/10\/militarizacion-latinoamerica-768x512.jpg 768w, https:\/\/fadeweb.uncoma.edu.ar\/wp-content\/uploads\/2022\/10\/militarizacion-latinoamerica-1536x1024.jpg 1536w, https:\/\/fadeweb.uncoma.edu.ar\/wp-content\/uploads\/2022\/10\/militarizacion-latinoamerica.jpg 1920w\" sizes=\"(max-width: 800px) 100vw, 800px\" \/>La Secretaria de Extensi\u00f3n de la FADECS invita a toda la comunidad a participar de la charla \u00abLa Militarizaci\u00f3n en la regi\u00f3n latinoamericana\u00bb, que se realizar\u00e1\u00a0<strong>hoy mi\u00e9rcoles 18 de abril a las 18 hs en el aula 38<\/strong>\u00a0de la Facultad de Derecho y Ciencias Sociales.<\/p>\n<p class=\"texto\">La actividad se enmarca en el programa Derechos Humanos, Juventud y Memoria, que se lleva adelante por esta Secretar\u00eda en conmemoraci\u00f3n del mes de la Memoria, verdad y justicia.<\/p>\n<p class=\"texto\">Se contar\u00e1 con la participaci\u00f3n de Ana Siufi, quien expondr\u00e1 sobre la Situaci\u00f3n pol\u00edtica, econ\u00f3mica y social de la militarizaci\u00f3n en Honduras; y la profesora Ana Calafat, quien expondr\u00e1 sobre la Militarizaci\u00f3n en el continente.<\/p>\n<p class=\"texto\">La charla es libre y gratuita a toda la comunidad. Se entregar\u00e1n certificados a los asistentes.<\/p>\n<p class=\"texto\">Para Informaci\u00f3n e inscripciones dirigirse a la Secretar\u00eda de Extensi\u00f3n y Asuntos Estudiantiles en el horario de 8 a 14 hs., o al tel\u00e9fono 0298-4433668 int. 26.<\/p>\n","protected":false},"excerpt":{"rendered":"<p>La Secretaria de Extensi\u00f3n de la FADECS invita a toda la comunidad a participar de la charla \u00abLa Militarizaci\u00f3n en la regi\u00f3n latinoamericana\u00bb, que se realizar\u00e1\u00a0hoy mi\u00e9rcoles 18 de abril a las 18 hs en el aula 38\u00a0de la Facultad de Derecho y Ciencias Sociales. La actividad se enmarca en el programa Derechos Humanos, Juventud [&hellip;]<\/p>\n","protected":false},"author":2,"featured_media":6247,"comment_status":"open","ping_status":"open","sticky":false,"template":"","format":"standard","meta":{"footnotes":""},"categories":[11,5,43],"tags":[],"class_list":["post-6246","post","type-post","status-publish","format-standard","has-post-thumbnail","hentry","category-11","category-notifadecs","category-promocion-defensa-derechos-humanos"],"_links":{"self":[{"href":"https:\/\/fadeweb.uncoma.edu.ar\/index.php\/wp-json\/wp\/v2\/posts\/6246","targetHints":{"allow":["GET"]}}],"collection":[{"href":"https:\/\/fadeweb.uncoma.edu.ar\/index.php\/wp-json\/wp\/v2\/posts"}],"about":[{"href":"https:\/\/fadeweb.uncoma.edu.ar\/index.php\/wp-json\/wp\/v2\/types\/post"}],"author":[{"embeddable":true,"href":"https:\/\/fadeweb.uncoma.edu.ar\/index.php\/wp-json\/wp\/v2\/users\/2"}],"replies":[{"embeddable":true,"href":"https:\/\/fadeweb.uncoma.edu.ar\/index.php\/wp-json\/wp\/v2\/comments?post=6246"}],"version-history":[{"count":1,"href":"https:\/\/fadeweb.uncoma.edu.ar\/index.php\/wp-json\/wp\/v2\/posts\/6246\/revisions"}],"predecessor-version":[{"id":6248,"href":"https:\/\/fadeweb.uncoma.edu.ar\/index.php\/wp-json\/wp\/v2\/posts\/6246\/revisions\/6248"}],"wp:featuredmedia":[{"embeddable":true,"href":"https:\/\/fadeweb.uncoma.edu.ar\/index.php\/wp-json\/wp\/v2\/media\/6247"}],"wp:attachment":[{"href":"https:\/\/fadeweb.uncoma.edu.ar\/index.php\/wp-json\/wp\/v2\/media?parent=6246"}],"wp:term":[{"taxonomy":"category","embeddable":true,"href":"https:\/\/fadeweb.uncoma.edu.ar\/index.php\/wp-json\/wp\/v2\/categories?post=6246"},{"taxonomy":"post_tag","embeddable":true,"href":"https:\/\/fadeweb.uncoma.edu.ar\/index.php\/wp-json\/wp\/v2\/tags?post=6246"}],"curies":[{"name":"wp","href":"https:\/\/api.w.org\/{rel}","templated":true}]}}