{"id":6234,"date":"2018-05-16T19:42:15","date_gmt":"2018-05-16T22:42:15","guid":{"rendered":"http:\/\/170.210.81.106\/newfade\/?p=6234"},"modified":"2022-10-07T19:48:06","modified_gmt":"2022-10-07T22:48:06","slug":"un-cierre-con-invitacion-a-continuar-en-defensa-de-la-condicion-humana","status":"publish","type":"post","link":"https:\/\/fadeweb.uncoma.edu.ar\/index.php\/2018\/05\/16\/un-cierre-con-invitacion-a-continuar-en-defensa-de-la-condicion-humana\/","title":{"rendered":"UN CIERRE CON INVITACI\u00d3N A CONTINUAR EN DEFENSA DE LA CONDICI\u00d3N HUMANA"},"content":{"rendered":"<figure id=\"attachment_6240\" aria-describedby=\"caption-attachment-6240\" style=\"width: 300px\" class=\"wp-caption alignright\"><img fetchpriority=\"high\" decoding=\"async\" class=\"size-medium wp-image-6240\" src=\"https:\/\/fadeweb.uncoma.edu.ar\/wp-content\/uploads\/2018\/05\/noemi-labrune-300x200.jpg\" alt=\"\" width=\"300\" height=\"200\" srcset=\"https:\/\/fadeweb.uncoma.edu.ar\/wp-content\/uploads\/2018\/05\/noemi-labrune-300x200.jpg 300w, https:\/\/fadeweb.uncoma.edu.ar\/wp-content\/uploads\/2018\/05\/noemi-labrune-1024x683.jpg 1024w, https:\/\/fadeweb.uncoma.edu.ar\/wp-content\/uploads\/2018\/05\/noemi-labrune-768x512.jpg 768w, https:\/\/fadeweb.uncoma.edu.ar\/wp-content\/uploads\/2018\/05\/noemi-labrune-1536x1024.jpg 1536w, https:\/\/fadeweb.uncoma.edu.ar\/wp-content\/uploads\/2018\/05\/noemi-labrune.jpg 1920w\" sizes=\"(max-width: 300px) 100vw, 300px\" \/><figcaption id=\"caption-attachment-6240\" class=\"wp-caption-text\"><a href=\"https:\/\/www.facebook.com\/media\/set\/?set=ms.c.eJxNU9lxYDEI6ygD5u6~%3BscxDi7K~%3BGoEOYxX1tsjXWSZjPwrA5wNU8oB0MJRAAJB~%3BQFotoE1GLtBzQMUTSVc~%3BoHsBuaXpEWaTVQeEL5BNALJC2dgdZtyRssA72SzrrDf9COQudYZrOM0baZFvpCPIGDg92Zj37Sijj96RqaBKAaD18W~%3BHm2OUvAW6KGvf0lBal1oV~%3BRsRjJAxvSpRZAQYV3KqbDinMV1ZY8n1YCyp8ragmOTIGisZMgqMoHVHY~%3BcMrdt6~_~_PIYOS~%3BG9tOnZ060v5VqA3Zy9JPdofc0raN38osDut11itQsrHkvdPXvNN2~_xjKc0hDY499BN6F91E4y~_BZViBcMhxknbJpuOTmCA6mmbYaFRYv2fArn5GBLMK0nQCMWQLhrtOaZejYLw0byhw~-.bps.a.1014835275339795.1073741953.244355632387767&amp;type=1\">CLICK PARA VER EL ALBUM DE FOTOS<\/a><\/figcaption><\/figure>\n<p>Se realiz\u00f3 ayer en la Facultad de Derecho y Ciencias Sociales el cierre de la Muestra \u00abJuicio y Castigo: Im\u00e1genes para no olvidar\u00bb. El Decano de la FADECS Lic. Andr\u00e9s Ponce de Le\u00f3n agradeci\u00f3 a Noem\u00ed Labrune y Leticia Bellini de la APDH de Neuqu\u00e9n y al programa del Rectorado de la Universidad Nacional del Comahue en donde se estructura la puesta hist\u00f3rica.<\/p>\n<p>En sus palabras de apertura, el decano subray\u00f3 lo \u00absignificativo de la concurrencia de los estudiantes de secundario y de los universitarios a trabajar una tem\u00e1tica contempor\u00e1nea, que permiti\u00f3 fortalecer la propuesta de mantener la facultad abierta y reforzar el v\u00ednculo con el nivel medio. Agradezco a las c\u00e1tedras y a los estudiantes, entre ellos a los del Seminario de Derechos Humanos que dirige la profesora Ana Calafat, que oficiaron de acompa\u00f1antes durante las recorridas, con comentarios muy alentadores por parte de los colegios en cuanto al buen trato y la claridad de las presentaciones. No es la primera vez que se hace este tipo de actividades en la FADECS y vamos a continuar con ellas\u00bb.<\/p>\n<p>La Secretaria de Extensi\u00f3n Ab. Sof\u00eda Szechenyi explic\u00f3 que la muestra se enmarca en el Programa de Derechos Humanos, Juventud y Memoria que llev\u00f3 adelante la Secretar\u00eda en conmemoraci\u00f3n del 42 aniversario del golpe c\u00edvico militar de 1976. \u00abLa actividad tuvo un desarrollo exitoso por la participaci\u00f3n de docentes y alumnos de las c\u00e1tedras de FADECS y de FADEL, y porque pasaron y la conocieron m\u00e1s de mil estudiantes de nivel medio de General Roca y sus alrededores\u00bb, dijo.<\/p>\n<p>Agradeci\u00f3 al Observatorio de Derechos Humanos por colaborar en la puesta en marcha y su desarrollo, a sus integrantes Ana Calafat, Carlos \u00abCacho\u00bb Cacopardo y Marta Marilef, a la APDH por haber incluido a la FADECS en el itinerario de la exposici\u00f3n, \u00aby el que mayor orgullo produce es el reconocimiento a nuestros estudiantes de las distintas carreras que han acompa\u00f1ado el recorrido de los estudiantes de secundario\u00bb.<\/p>\n<p>Al hacer uso de la palabra, Noem\u00ed Labrune destac\u00f3 que \u00abla muestra permiti\u00f3 que los estudiantes de las carreras de las facultades de Ciencias Sociales y de Lenguas se sensibilizaran sobre lo que tiene que ser para una sociedad tener una cuenta pendiente, como es la impunidad. Por lo que no pod\u00edamos cerrar esta jornada sin abrir un espacio en el que impere el esp\u00edritu para recuperar el ansia de justicia que llev\u00f3 a la sociedad del Alto Valle y del pa\u00eds a enjuiciar a\u00a0 los genocidas despu\u00e9s de cuarenta a\u00f1os\u00bb.<\/p>\n<p>Hizo referencia al juicio que se lleva a cabo en la Ciudad Judicial de General Roca por el que se juzga a los responsables de la desaparici\u00f3n forzada y homicidio del obrero salte\u00f1o Daniel Solano. \u00abNo es un juicio com\u00fan, hubo que hacer una enorme investigaci\u00f3n con toda la maquinaria criminal en contra, con intimidaci\u00f3n a testigos para que no declaren\u00bb, sostuvo Labrune.<\/p>\n<p>Apel\u00f3 a que la FADECS tenga una reacci\u00f3n solidaria con este acontecimiento que est\u00e1 lastimando nuestra condici\u00f3n humana. En este sentido, abog\u00f3 \u00abpara que haya una continuidad en la actitud encomiable de estudiantes y profesores de abrir el tema sobre\u00a0 lo que pas\u00f3 en la dictadura, toda es lucha de muchos a\u00f1os para que haya juicios. Ahora, cortemos esa plataforma para encarar lo que est\u00e1 pasando ac\u00e1, no son 30 mil, es una personas, basta. Estamos cerrando la muestra pero no la invitaci\u00f3n a que todos participemos en la construcci\u00f3n de la justicia\u00bb.<\/p>\n<p>Por \u00faltimo, se pas\u00f3 un v\u00eddeo que resume el caso de la desaparici\u00f3n forzada del joven guaran\u00ed Daniel Solano, ocurrida el 5 de noviembre de 2011 en Choele Choel. El juicio a siete polic\u00edas acusados por la desaparici\u00f3n se reanud\u00f3 el 5 de abril en la Ciudad Judicial de General Roca. El abogado de la familia Solano, Leandro Aparicio expuso los avances de la causa y respondi\u00f3 preguntas a estudiantes, docentes y publico en general que concurri\u00f3 a la actividad.<\/p>\n","protected":false},"excerpt":{"rendered":"<p>Se realiz\u00f3 ayer en la Facultad de Derecho y Ciencias Sociales el cierre de la Muestra \u00abJuicio y Castigo: Im\u00e1genes para no olvidar\u00bb. El Decano de la FADECS Lic. Andr\u00e9s Ponce de Le\u00f3n agradeci\u00f3 a Noem\u00ed Labrune y Leticia Bellini de la APDH de Neuqu\u00e9n y al programa del Rectorado de la Universidad Nacional del [&hellip;]<\/p>\n","protected":false},"author":2,"featured_media":6240,"comment_status":"open","ping_status":"open","sticky":false,"template":"","format":"standard","meta":{"footnotes":""},"categories":[11,5,43],"tags":[],"class_list":["post-6234","post","type-post","status-publish","format-standard","has-post-thumbnail","hentry","category-11","category-notifadecs","category-promocion-defensa-derechos-humanos"],"_links":{"self":[{"href":"https:\/\/fadeweb.uncoma.edu.ar\/index.php\/wp-json\/wp\/v2\/posts\/6234","targetHints":{"allow":["GET"]}}],"collection":[{"href":"https:\/\/fadeweb.uncoma.edu.ar\/index.php\/wp-json\/wp\/v2\/posts"}],"about":[{"href":"https:\/\/fadeweb.uncoma.edu.ar\/index.php\/wp-json\/wp\/v2\/types\/post"}],"author":[{"embeddable":true,"href":"https:\/\/fadeweb.uncoma.edu.ar\/index.php\/wp-json\/wp\/v2\/users\/2"}],"replies":[{"embeddable":true,"href":"https:\/\/fadeweb.uncoma.edu.ar\/index.php\/wp-json\/wp\/v2\/comments?post=6234"}],"version-history":[{"count":6,"href":"https:\/\/fadeweb.uncoma.edu.ar\/index.php\/wp-json\/wp\/v2\/posts\/6234\/revisions"}],"predecessor-version":[{"id":6242,"href":"https:\/\/fadeweb.uncoma.edu.ar\/index.php\/wp-json\/wp\/v2\/posts\/6234\/revisions\/6242"}],"wp:featuredmedia":[{"embeddable":true,"href":"https:\/\/fadeweb.uncoma.edu.ar\/index.php\/wp-json\/wp\/v2\/media\/6240"}],"wp:attachment":[{"href":"https:\/\/fadeweb.uncoma.edu.ar\/index.php\/wp-json\/wp\/v2\/media?parent=6234"}],"wp:term":[{"taxonomy":"category","embeddable":true,"href":"https:\/\/fadeweb.uncoma.edu.ar\/index.php\/wp-json\/wp\/v2\/categories?post=6234"},{"taxonomy":"post_tag","embeddable":true,"href":"https:\/\/fadeweb.uncoma.edu.ar\/index.php\/wp-json\/wp\/v2\/tags?post=6234"}],"curies":[{"name":"wp","href":"https:\/\/api.w.org\/{rel}","templated":true}]}}