{"id":6231,"date":"2018-06-13T19:39:42","date_gmt":"2018-06-13T22:39:42","guid":{"rendered":"http:\/\/170.210.81.106\/newfade\/?p=6231"},"modified":"2022-10-07T19:41:22","modified_gmt":"2022-10-07T22:41:22","slug":"jornada-sobre-derechos-humanos-en-tiempos-de-neoliberalismo","status":"publish","type":"post","link":"https:\/\/fadeweb.uncoma.edu.ar\/index.php\/2018\/06\/13\/jornada-sobre-derechos-humanos-en-tiempos-de-neoliberalismo\/","title":{"rendered":"JORNADA SOBRE \u201cDERECHOS HUMANOS EN TIEMPOS DE NEOLIBERALISMO\u201d"},"content":{"rendered":"<p class=\"texto\"><img fetchpriority=\"high\" decoding=\"async\" class=\"aligncenter wp-image-6232 size-large\" src=\"https:\/\/fadeweb.uncoma.edu.ar\/wp-content\/uploads\/2022\/10\/chddhh-1024x1024.jpg\" alt=\"\" width=\"800\" height=\"800\" srcset=\"https:\/\/fadeweb.uncoma.edu.ar\/wp-content\/uploads\/2022\/10\/chddhh-1024x1024.jpg 1024w, https:\/\/fadeweb.uncoma.edu.ar\/wp-content\/uploads\/2022\/10\/chddhh-300x300.jpg 300w, https:\/\/fadeweb.uncoma.edu.ar\/wp-content\/uploads\/2022\/10\/chddhh-150x150.jpg 150w, https:\/\/fadeweb.uncoma.edu.ar\/wp-content\/uploads\/2022\/10\/chddhh-768x768.jpg 768w, https:\/\/fadeweb.uncoma.edu.ar\/wp-content\/uploads\/2022\/10\/chddhh.jpg 1080w\" sizes=\"(max-width: 800px) 100vw, 800px\" \/>La Secretar\u00eda de Extensi\u00f3n convoca a una jornada abierta y gratuita sobre \u201cDerechos Humanos en tiempos de neoliberalismo\u201d, a realizarse el\u00a0<strong>mi\u00e9rcoles 13 de junio a las 15:30 en el aula 35<\/strong>\u00a0de la Facultad de Derecho y Ciencias Sociales de Roca, con la presencia de N\u00e9stor Busso, Noem\u00ed Labrune, Claudia Cesaroni y Vicente Zito Lema.<\/p>\n<p class=\"texto\">Desde la FADECS y el Observatorio de Derechos Humanos se convoca a esta jornada en la que adem\u00e1s se presentar\u00e1 la nueva Asociaci\u00f3n Civil, para continuar trabajando en la defensa, promoci\u00f3n, protecci\u00f3n y difusi\u00f3n de todos los derechos, junto a familiares de v\u00edctimas de violencia institucional, organizaciones sindicales, sociales y pol\u00edticas, y todas las personas que de una u otra forma han permitido permanecer de pie durante estos \u00faltimos 13 a\u00f1os.<\/p>\n<p class=\"texto\">Ser\u00e1 un espacio para el encuentro y la reflexi\u00f3n destinado a estudiantes, docentes, integrantes de organizaciones sociales, sindicales y pol\u00edticas, y p\u00fablico en general, para pensar en conjunto la defensa de todos los derechos para todos y todas. Los disertantes invitados poseen un bagaje de experiencias que es importante destacar:<\/p>\n<p class=\"texto\">N\u00e9stor Busso es periodista, ex detenido-desaparecido; actual Director de radio Encuentro y ENTV de Viedma-. Se desempe\u00f1\u00f3 como Secretario Derechos Humanos de R\u00edo Negro y Presidente del Consejo Federal de Comunicaci\u00f3n ; CoFundador y Presidente de FARCO, Foro Argentino de Radios Comunitarias, Vicepresidente de la Asociaci\u00f3n Latinoamericana de Educaci\u00f3n y Comunicaci\u00f3n Popular. Coordinador de la Coalici\u00f3n por una Radiodifusi\u00f3n Democr\u00e1tica que promovi\u00f3 la Ley de Servicios de Comunicaci\u00f3n Audiovisual adem\u00e1s de integrar la Asociaci\u00f3n de Familiares y V\u00edctimas del Terrorismo de Estado de Viedma y de la Red por la Identidad de Abuelas, entre otras actividades.<\/p>\n<p class=\"texto\">Noem\u00ed Labrune referente de la Asamblea Permanente por los Derechos Humanos filial Neuqu\u00e9n y Alto Valle, que fund\u00f3 en 1976, junto al Obispo Jaime De Nevares. Desde entonces trabaja incansablemente en la lucha por Memoria, Verdad y Justicia para detenidos desparecidos de la regi\u00f3n y en la defensa de los derechos humanos en tiempos democr\u00e1ticos. Su libro \u201cBuscados. Represores del Alto Valle\u201d , publicado en 1988, permiti\u00f3 visibilizar el terrorismo de estado en la regi\u00f3n, material de consulta permanente y base para los Juicios por Delitos de lesa humanidad \u201cLa Escuelita\u201d que se desarrollaron en Neuqu\u00e9n, y que durante los pr\u00f3ximos meses tendr\u00e1 su quinta etapa. Noem\u00ed est\u00e1 presente en cada situaci\u00f3n donde es necesario denunciar el avasallamiento de los derechos, porque es una de nuestra imprescindibles.<\/p>\n<p class=\"texto\">Claudia Cesaroni es abogada y crimin\u00f3loga. Docente. Presidente del Centro de Estudios en Pol\u00edtica Criminal y Derechos Humanos (CEPOC). Conduce el programa\u00a0<a href=\"https:\/\/www.facebook.com\/hashtag\/la?source=feed_text\" target=\"_blank\" rel=\"noopener\">#La<\/a>\u00a0cocina del Miedo\u201d en FM La tribu, donde analiza discursos y pr\u00e1cticas en seguridad, justicia, encierro y derechos humanos. Es referente de la Red Argentina No Baja, contra la criminalizaci\u00f3n de las infancias y de lxs j\u00f3venes. Es autora de dos libros fundamentales sobre esta tem\u00e1tica: La vida como castigo -2010-, donde plasm\u00f3 los relatos de j\u00f3venes condenados a cadena perpetua siendo menores de edad, que denuncia adem\u00e1s la violaci\u00f3n del estado argentino de los derechos de ni\u00f1os y j\u00f3venes y Masacre en el Pabell\u00f3n S\u00e9ptimo, sobre la masacre de 64 presos comunes acaecida el 14 de marzo de 1978, en la c\u00e1rcel de Devoto, dependiente del Servicio Penitenciario Federal donde murieron algunos encerrados por el humo, el fuego, y otros fusilados. Luego de m\u00e1s de 30 a\u00f1os de lucha se logr\u00f3 que fuera declarado un delito de lesa humanidad.<\/p>\n<p class=\"texto\">Vicente Zito Lema Escritor multifac\u00e9tico poeta y dramaturgo, periodista, abogado referente nacional e internacional en la defensa de los derechos humanos, integr\u00f3 proyectos period\u00edsticos emblem\u00e1ticos en los 60 y 70, como las revistas como Liberaci\u00f3n, Nuevo Hombre con Julio Cort\u00e1zar y Rodolfo Walsh, Crisis junto con Eduardo Galeano, Haroldo Conti y Federico Vogelius. En el exilio conform\u00f3 la Comisi\u00f3n Argentina por los Derechos Humanos (CADHU) junto con intelectuales como Julio Cortazar, David Vi\u00f1as, entre otros. Fue disc\u00edpulo del creador de la escuela de psicolog\u00eda social, Enrique Pichon-Rivi\u00e8re, actualmente es profesor en la Escuela de Psicolog\u00eda Social de la Patagonia en Roca- Fiske Menuco.<\/p>\n<p class=\"texto\">Junto con las Madres de Plaza de Mayo fund\u00f3 en 2000 la Universidad Popular Madres de Plaza de Mayo, de la cual fue rector hasta 2003. UnTER lo declar\u00f3 Director Honor\u00edfico de su Escuela de formaci\u00f3n permanente pedag\u00f3gica, pol\u00edtico &#8211; sindical y ambiental Rodolfo Walsh. Autor de numerosas obras, entre ellas \u00abTrelew\u00bb, \u00abEva Per\u00f3n resucitada\u00bb y \u00abConversaciones con Enrique Pich\u00f3n-Riviere sobre el arte y la locura\u00bb.<\/p>\n","protected":false},"excerpt":{"rendered":"<p>La Secretar\u00eda de Extensi\u00f3n convoca a una jornada abierta y gratuita sobre \u201cDerechos Humanos en tiempos de neoliberalismo\u201d, a realizarse el\u00a0mi\u00e9rcoles 13 de junio a las 15:30 en el aula 35\u00a0de la Facultad de Derecho y Ciencias Sociales de Roca, con la presencia de N\u00e9stor Busso, Noem\u00ed Labrune, Claudia Cesaroni y Vicente Zito Lema. Desde [&hellip;]<\/p>\n","protected":false},"author":2,"featured_media":6232,"comment_status":"open","ping_status":"open","sticky":false,"template":"","format":"standard","meta":{"footnotes":""},"categories":[11,5,43],"tags":[],"class_list":["post-6231","post","type-post","status-publish","format-standard","has-post-thumbnail","hentry","category-11","category-notifadecs","category-promocion-defensa-derechos-humanos"],"_links":{"self":[{"href":"https:\/\/fadeweb.uncoma.edu.ar\/index.php\/wp-json\/wp\/v2\/posts\/6231","targetHints":{"allow":["GET"]}}],"collection":[{"href":"https:\/\/fadeweb.uncoma.edu.ar\/index.php\/wp-json\/wp\/v2\/posts"}],"about":[{"href":"https:\/\/fadeweb.uncoma.edu.ar\/index.php\/wp-json\/wp\/v2\/types\/post"}],"author":[{"embeddable":true,"href":"https:\/\/fadeweb.uncoma.edu.ar\/index.php\/wp-json\/wp\/v2\/users\/2"}],"replies":[{"embeddable":true,"href":"https:\/\/fadeweb.uncoma.edu.ar\/index.php\/wp-json\/wp\/v2\/comments?post=6231"}],"version-history":[{"count":1,"href":"https:\/\/fadeweb.uncoma.edu.ar\/index.php\/wp-json\/wp\/v2\/posts\/6231\/revisions"}],"predecessor-version":[{"id":6233,"href":"https:\/\/fadeweb.uncoma.edu.ar\/index.php\/wp-json\/wp\/v2\/posts\/6231\/revisions\/6233"}],"wp:featuredmedia":[{"embeddable":true,"href":"https:\/\/fadeweb.uncoma.edu.ar\/index.php\/wp-json\/wp\/v2\/media\/6232"}],"wp:attachment":[{"href":"https:\/\/fadeweb.uncoma.edu.ar\/index.php\/wp-json\/wp\/v2\/media?parent=6231"}],"wp:term":[{"taxonomy":"category","embeddable":true,"href":"https:\/\/fadeweb.uncoma.edu.ar\/index.php\/wp-json\/wp\/v2\/categories?post=6231"},{"taxonomy":"post_tag","embeddable":true,"href":"https:\/\/fadeweb.uncoma.edu.ar\/index.php\/wp-json\/wp\/v2\/tags?post=6231"}],"curies":[{"name":"wp","href":"https:\/\/api.w.org\/{rel}","templated":true}]}}