{"id":6228,"date":"2018-08-22T19:37:03","date_gmt":"2018-08-22T22:37:03","guid":{"rendered":"http:\/\/170.210.81.106\/newfade\/?p=6228"},"modified":"2022-10-07T19:38:32","modified_gmt":"2022-10-07T22:38:32","slug":"proyecto-de-extension-taller-de-resocializacion-para-personas-privadas-de-su-libertad","status":"publish","type":"post","link":"https:\/\/fadeweb.uncoma.edu.ar\/index.php\/2018\/08\/22\/proyecto-de-extension-taller-de-resocializacion-para-personas-privadas-de-su-libertad\/","title":{"rendered":"PROYECTO DE EXTENSI\u00d3N &#8211; TALLER DE RESOCIALIZACI\u00d3N PARA PERSONAS PRIVADAS DE SU LIBERTAD"},"content":{"rendered":"<p class=\"texto\"><img fetchpriority=\"high\" decoding=\"async\" class=\"aligncenter wp-image-6229 size-large\" src=\"https:\/\/fadeweb.uncoma.edu.ar\/wp-content\/uploads\/2022\/10\/tppdsl-1024x683.jpg\" alt=\"\" width=\"800\" height=\"534\" srcset=\"https:\/\/fadeweb.uncoma.edu.ar\/wp-content\/uploads\/2022\/10\/tppdsl-1024x683.jpg 1024w, https:\/\/fadeweb.uncoma.edu.ar\/wp-content\/uploads\/2022\/10\/tppdsl-300x200.jpg 300w, https:\/\/fadeweb.uncoma.edu.ar\/wp-content\/uploads\/2022\/10\/tppdsl-768x512.jpg 768w, https:\/\/fadeweb.uncoma.edu.ar\/wp-content\/uploads\/2022\/10\/tppdsl-1536x1024.jpg 1536w, https:\/\/fadeweb.uncoma.edu.ar\/wp-content\/uploads\/2022\/10\/tppdsl.jpg 1920w\" sizes=\"(max-width: 800px) 100vw, 800px\" \/>Los abogados Federico Batagelj (egresado UBA) adscripto del Seminario de Penal I, del profesor Nicol\u00e1s Garc\u00eda, y Miguel Angel Zeballos (graduado UNCo) y la estudiante de abogac\u00eda Florencia Sandobal Valentini, conforman el Grupo del Taller \u00abFormaci\u00f3n en Derechos Humanos como dispositivo educativo para la resocializaci\u00f3n de las personas privadas de su libertad\u00bb. Esta iniciativa cobr\u00f3 forma por medio de un Proyecto de Extensi\u00f3n aprobado el a\u00f1o pasado mediante Resoluci\u00f3n 1078\/18 del Consejo Superior de la UNCo, el cual es dirigido por la profesora Ana Calafat.<\/p>\n<p class=\"texto\">El grupo est\u00e1 integrado, adem\u00e1s, por los estudiantes de Abogac\u00eda Camila Garc\u00eda Garc\u00eda, Romina Isabel Carrasco, Antonella Daiana Celis, Romina Ayelen D\u00edaz, Fernando Daniel Ramoa y Mauro Istueta. Estos profesionales y estudiantes, algunos de ellos de estrecho v\u00ednculo con el Observatorio de Derecho Humanos de R\u00edo Negro, participan de los encuentros que se vienen realizando en el Establecimiento de Ejecuci\u00f3n Penal N\u00famero II (ex alcaid\u00eda) de General Roca.<\/p>\n<p class=\"texto\">El abordaje de la problem\u00e1tica del r\u00e9gimen jur\u00eddico de aplicaci\u00f3n de la pena que hace referencia el proyecto de extensi\u00f3n incluye, adem\u00e1s del contenido te\u00f3rico, una pr\u00e1ctica tendiente a generar la oportunidad de establecer v\u00ednculos entre las personas privadas de su libertad y la universidad. Seg\u00fan datos estad\u00edsticos internacionales, que coinciden con relevamientos locales, la pol\u00edtica m\u00e1s efectiva contra la reincidencia es la que se lleva a cabo por medio de la educaci\u00f3n.<\/p>\n<p class=\"texto\">Esta actividad se desarrolla desde abril de este a\u00f1o, con el objetivo de abrir el juego para generar un trabajo interdisciplinario y formar redes de contenci\u00f3n. Batagelj explica que \u00abel pilar fundamental es garantizar el derecho y hacer real la concreci\u00f3n del acceso a la educaci\u00f3n. Con muy buenos resultados por cuanto ya se registra la inscripci\u00f3n de los detenidos en las carreras de la FADECS-UNCo\u00bb.<br \/>\nEn otro orden, apunta a poner en situaci\u00f3n a los profesionales o futuros profesionales, con una visi\u00f3n m\u00e1s acorde a la realidad de las personas o familias que se enfrentan al sistema penal.<\/p>\n<p class=\"texto\">Federico Batagelj indic\u00f3 que \u00ablos interesados en participar est\u00e1n invitados, tanto para acompa\u00f1ar iniciativas en marcha como a generar proyectos alternativos\u00bb. El taller se extender\u00e1 hasta fin de a\u00f1o y al finalizar el m\u00f3dulo se entregar\u00e1n certificados de asistencia.<\/p>\n<p class=\"texto\">El equipo de trabajo se re\u00fane dos veces por semana, martes y jueves de 13 a 14 hs, en la Biblioteca del establecimiento penal, y adem\u00e1s dedican un d\u00eda a la planificaci\u00f3n, los lunes de 8 a 10 hs, en el edificio nuevo de la FADECS.<\/p>\n","protected":false},"excerpt":{"rendered":"<p>Los abogados Federico Batagelj (egresado UBA) adscripto del Seminario de Penal I, del profesor Nicol\u00e1s Garc\u00eda, y Miguel Angel Zeballos (graduado UNCo) y la estudiante de abogac\u00eda Florencia Sandobal Valentini, conforman el Grupo del Taller \u00abFormaci\u00f3n en Derechos Humanos como dispositivo educativo para la resocializaci\u00f3n de las personas privadas de su libertad\u00bb. Esta iniciativa cobr\u00f3 [&hellip;]<\/p>\n","protected":false},"author":2,"featured_media":6229,"comment_status":"open","ping_status":"open","sticky":false,"template":"","format":"standard","meta":{"footnotes":""},"categories":[11,5,43],"tags":[],"class_list":["post-6228","post","type-post","status-publish","format-standard","has-post-thumbnail","hentry","category-11","category-notifadecs","category-promocion-defensa-derechos-humanos"],"_links":{"self":[{"href":"https:\/\/fadeweb.uncoma.edu.ar\/index.php\/wp-json\/wp\/v2\/posts\/6228","targetHints":{"allow":["GET"]}}],"collection":[{"href":"https:\/\/fadeweb.uncoma.edu.ar\/index.php\/wp-json\/wp\/v2\/posts"}],"about":[{"href":"https:\/\/fadeweb.uncoma.edu.ar\/index.php\/wp-json\/wp\/v2\/types\/post"}],"author":[{"embeddable":true,"href":"https:\/\/fadeweb.uncoma.edu.ar\/index.php\/wp-json\/wp\/v2\/users\/2"}],"replies":[{"embeddable":true,"href":"https:\/\/fadeweb.uncoma.edu.ar\/index.php\/wp-json\/wp\/v2\/comments?post=6228"}],"version-history":[{"count":1,"href":"https:\/\/fadeweb.uncoma.edu.ar\/index.php\/wp-json\/wp\/v2\/posts\/6228\/revisions"}],"predecessor-version":[{"id":6230,"href":"https:\/\/fadeweb.uncoma.edu.ar\/index.php\/wp-json\/wp\/v2\/posts\/6228\/revisions\/6230"}],"wp:featuredmedia":[{"embeddable":true,"href":"https:\/\/fadeweb.uncoma.edu.ar\/index.php\/wp-json\/wp\/v2\/media\/6229"}],"wp:attachment":[{"href":"https:\/\/fadeweb.uncoma.edu.ar\/index.php\/wp-json\/wp\/v2\/media?parent=6228"}],"wp:term":[{"taxonomy":"category","embeddable":true,"href":"https:\/\/fadeweb.uncoma.edu.ar\/index.php\/wp-json\/wp\/v2\/categories?post=6228"},{"taxonomy":"post_tag","embeddable":true,"href":"https:\/\/fadeweb.uncoma.edu.ar\/index.php\/wp-json\/wp\/v2\/tags?post=6228"}],"curies":[{"name":"wp","href":"https:\/\/api.w.org\/{rel}","templated":true}]}}