{"id":6208,"date":"2018-09-17T19:01:18","date_gmt":"2018-09-17T22:01:18","guid":{"rendered":"http:\/\/170.210.81.106\/newfade\/?p=6208"},"modified":"2022-10-07T19:02:27","modified_gmt":"2022-10-07T22:02:27","slug":"programa-de-proyectos-de-voluntariado-comunitario-solidaridad-y-cooperativismo","status":"publish","type":"post","link":"https:\/\/fadeweb.uncoma.edu.ar\/index.php\/2018\/09\/17\/programa-de-proyectos-de-voluntariado-comunitario-solidaridad-y-cooperativismo\/","title":{"rendered":"PROGRAMA DE PROYECTOS DE VOLUNTARIADO COMUNITARIO \u00abSOLIDARIDAD Y COOPERATIVISMO\u00bb"},"content":{"rendered":"<p class=\"texto\"><img fetchpriority=\"high\" decoding=\"async\" class=\"size-medium wp-image-6209 alignright\" src=\"https:\/\/fadeweb.uncoma.edu.ar\/wp-content\/uploads\/2022\/10\/calf-unco-229x300.jpg\" alt=\"\" width=\"229\" height=\"300\" srcset=\"https:\/\/fadeweb.uncoma.edu.ar\/wp-content\/uploads\/2022\/10\/calf-unco-229x300.jpg 229w, https:\/\/fadeweb.uncoma.edu.ar\/wp-content\/uploads\/2022\/10\/calf-unco.jpg 252w\" sizes=\"(max-width: 229px) 100vw, 229px\" \/>La Secretar\u00eda de Extensi\u00f3n de la FADECS informa que se abri\u00f3 una nueva convocatoria a presentar Proyectos de Voluntariado Comunitario \u00abSolidaridad y Cooperativismo\u00bb. La iniciativa surge de un convenio espec\u00edfico de cooperaci\u00f3n entre la Universidad Nacional del Comahue y la Cooperativa Provincial de Servicios P\u00fablicos y Comunitarios de Neuqu\u00e9n Limitada (CALF).<\/p>\n<p class=\"texto\">El acuerdo apunta a profundizar la vinculaci\u00f3n entre las partes y tiende a \u00abimplementar acciones orientadas a mejorar la calidad de vida de la poblaci\u00f3n neuquina, incentivando el compromiso de los estudiantes con la realidad social, promoviendo el concepto de solidaridad y cooperativismo como herramientas para el desarrollo que propendan a una sociedad de iguales\u00bb.<\/p>\n<p class=\"texto\">El convenio establece que se realizar\u00e1 mediante la convocatoria para la presentaci\u00f3n de proyectos conformados por:<\/p>\n<ul>\n<li class=\"texto\">docentes y estudiantes de la UNCo,<\/li>\n<li class=\"texto\">con una duraci\u00f3n de seis meses,<\/li>\n<li class=\"texto\">a desarrollarse en el \u00e1mbito de la ciudad de Neuqu\u00e9n,<\/li>\n<\/ul>\n<p class=\"texto\">sobre las siguientes tem\u00e1ticas:<\/p>\n<ul>\n<li class=\"texto\">Educaci\u00f3n,<\/li>\n<li class=\"texto\">Patrimonio comunitario y recreaci\u00f3n,<\/li>\n<li class=\"texto\">Cooperativismo y econom\u00eda social,<\/li>\n<li class=\"texto\">Ambiente,<\/li>\n<li class=\"texto\">Eficiencia energ\u00e9tica,<\/li>\n<li class=\"texto\">Promoci\u00f3n de la salud.<\/li>\n<\/ul>\n<p class=\"texto\">Las partes acuerdan que \u00abse asignar\u00e1 un subsidio a cada proyecto seleccionado de hasta:<\/p>\n<ul>\n<li class=\"texto\">un valor m\u00e1ximo de pesos cincuenta mil ($ 50.000).<\/li>\n<\/ul>\n<p class=\"texto\">Las condiciones de rendici\u00f3n de los mismos deber\u00e1n regirse bajo las normativas vigentes de la UNCo\u00bb.<\/p>\n<p class=\"texto\">La recepci\u00f3n de proyectos estar\u00e1\u00a0<strong>abierta hasta el 16 de octubre del corriente<\/strong>. El comit\u00e9 de admisi\u00f3n informar\u00e1 el 15 de noviembre el listado de proyectos admitidos y el comit\u00e9 evaluador informar\u00e1 en la primera semana de diciembre qu\u00e9 proyectos comenzar\u00e1n a implementarse en febrero de 2019.<\/p>\n<p class=\"texto\">Se agregan links de acceso a:<\/p>\n<ul>\n<li class=\"texto\"><a href=\"https:\/\/bit.ly\/2NS2txm\">Car\u00e1tula de Proyectos Solidarios<\/a><\/li>\n<li class=\"texto\"><a href=\"https:\/\/bit.ly\/2xh7g25\">Gu\u00eda de Presentaci\u00f3n Proyectos Solidarios 2018<\/a><\/li>\n<\/ul>\n<p class=\"texto\">Para m\u00e1s informaci\u00f3n puede comunicarse con la Secretar\u00eda de Extensi\u00f3n y Asuntos Estudiantiles de la FADECS en el horario de 08:00 a 14:00 hs, al mail:\u00a0<a href=\"mailto:secretaria.extensionfadecs@gmail.com\">secretaria.extensionfadecs@gmail.com<\/a>, o al tel\u00e9fono (0298) 4433668\/670 &#8211; Interno 26.<\/p>\n","protected":false},"excerpt":{"rendered":"<p>La Secretar\u00eda de Extensi\u00f3n de la FADECS informa que se abri\u00f3 una nueva convocatoria a presentar Proyectos de Voluntariado Comunitario \u00abSolidaridad y Cooperativismo\u00bb. La iniciativa surge de un convenio espec\u00edfico de cooperaci\u00f3n entre la Universidad Nacional del Comahue y la Cooperativa Provincial de Servicios P\u00fablicos y Comunitarios de Neuqu\u00e9n Limitada (CALF). El acuerdo apunta a [&hellip;]<\/p>\n","protected":false},"author":2,"featured_media":6209,"comment_status":"open","ping_status":"open","sticky":false,"template":"","format":"standard","meta":{"footnotes":""},"categories":[11,5,41],"tags":[],"class_list":["post-6208","post","type-post","status-publish","format-standard","has-post-thumbnail","hentry","category-11","category-notifadecs","category-voluntariado"],"_links":{"self":[{"href":"https:\/\/fadeweb.uncoma.edu.ar\/index.php\/wp-json\/wp\/v2\/posts\/6208","targetHints":{"allow":["GET"]}}],"collection":[{"href":"https:\/\/fadeweb.uncoma.edu.ar\/index.php\/wp-json\/wp\/v2\/posts"}],"about":[{"href":"https:\/\/fadeweb.uncoma.edu.ar\/index.php\/wp-json\/wp\/v2\/types\/post"}],"author":[{"embeddable":true,"href":"https:\/\/fadeweb.uncoma.edu.ar\/index.php\/wp-json\/wp\/v2\/users\/2"}],"replies":[{"embeddable":true,"href":"https:\/\/fadeweb.uncoma.edu.ar\/index.php\/wp-json\/wp\/v2\/comments?post=6208"}],"version-history":[{"count":1,"href":"https:\/\/fadeweb.uncoma.edu.ar\/index.php\/wp-json\/wp\/v2\/posts\/6208\/revisions"}],"predecessor-version":[{"id":6210,"href":"https:\/\/fadeweb.uncoma.edu.ar\/index.php\/wp-json\/wp\/v2\/posts\/6208\/revisions\/6210"}],"wp:featuredmedia":[{"embeddable":true,"href":"https:\/\/fadeweb.uncoma.edu.ar\/index.php\/wp-json\/wp\/v2\/media\/6209"}],"wp:attachment":[{"href":"https:\/\/fadeweb.uncoma.edu.ar\/index.php\/wp-json\/wp\/v2\/media?parent=6208"}],"wp:term":[{"taxonomy":"category","embeddable":true,"href":"https:\/\/fadeweb.uncoma.edu.ar\/index.php\/wp-json\/wp\/v2\/categories?post=6208"},{"taxonomy":"post_tag","embeddable":true,"href":"https:\/\/fadeweb.uncoma.edu.ar\/index.php\/wp-json\/wp\/v2\/tags?post=6208"}],"curies":[{"name":"wp","href":"https:\/\/api.w.org\/{rel}","templated":true}]}}