{"id":6119,"date":"2019-04-29T16:01:09","date_gmt":"2019-04-29T19:01:09","guid":{"rendered":"http:\/\/170.210.81.106\/newfade\/?p=6119"},"modified":"2022-10-07T16:02:08","modified_gmt":"2022-10-07T19:02:08","slug":"convocatoria-a-pasantias-en-diario-rio-negro","status":"publish","type":"post","link":"https:\/\/fadeweb.uncoma.edu.ar\/index.php\/2019\/04\/29\/convocatoria-a-pasantias-en-diario-rio-negro\/","title":{"rendered":"CONVOCATORIA A PASANT\u00cdAS EN DIARIO R\u00cdO NEGRO"},"content":{"rendered":"<p class=\"texto\"><img fetchpriority=\"high\" decoding=\"async\" class=\"aligncenter wp-image-6120 size-full\" src=\"https:\/\/fadeweb.uncoma.edu.ar\/wp-content\/uploads\/2022\/10\/psantia-rn-copia.jpg\" alt=\"\" width=\"798\" height=\"531\" srcset=\"https:\/\/fadeweb.uncoma.edu.ar\/wp-content\/uploads\/2022\/10\/psantia-rn-copia.jpg 798w, https:\/\/fadeweb.uncoma.edu.ar\/wp-content\/uploads\/2022\/10\/psantia-rn-copia-300x200.jpg 300w, https:\/\/fadeweb.uncoma.edu.ar\/wp-content\/uploads\/2022\/10\/psantia-rn-copia-768x511.jpg 768w\" sizes=\"(max-width: 798px) 100vw, 798px\" \/>La Secretar\u00eda de Extensi\u00f3n de la FADECS convoca a los estudiantes de la carrera Licenciatura en Comunicaci\u00f3n Social, a fin de realizar pasant\u00edas en el Diario R\u00edo Negro de General Roca.<\/p>\n<ul type=\"disc\">\n<li class=\"texto\">Carga horaria: 4 hs diarias<\/li>\n<li class=\"texto\">Lugar: General Roca<\/li>\n<\/ul>\n<p class=\"texto\">REQUISITOS PARA LA REALIZACI\u00d3N DE LAS PASANT\u00cdAS:<br \/>\nSer alumno regular de la carrera Licenciatura en Comunicaci\u00f3n Social de la Facultad de Derecho y Ciencias Sociales, y deber\u00e1n tener aprobadas las siguientes materias:<br \/>\nCiclo Introductorio \/ Primer A\u00f1o: Introducci\u00f3n al Periodismo, Introducci\u00f3n a la Comunicaci\u00f3n Visual, Comunicaci\u00f3n Social I, Lengua y Discurso I y Lengua y Discurso II.<br \/>\nCiclo B\u00e1sico \/ Segundo A\u00f1o: Lengua y Discurso III, Inform\u00e1tica para Medios de Comunicaci\u00f3n. Orientaci\u00f3n Periodismo: Redacci\u00f3n Period\u00edstica I, Periodismo Radiof\u00f3nico.<\/p>\n<p class=\"texto\">OBJETIVOS DE LA PASANT\u00cdA:<br \/>\nIntroducir al pasante en el conocimiento y pr\u00e1ctica laboral Concreta.<br \/>\nPermitir que el pasante se familiarice con la operatoria del lugar al que sea asignado.<br \/>\nFormar al pasante integralmente en aquellos aspectos que le ser\u00e1n de utilidad al momento de ejercer la profesi\u00f3n.<br \/>\nFacilitar la etapa de transici\u00f3n entre \u00e1mbitos educacional y laboral.<\/p>\n<p class=\"texto\">DOCUMENTACI\u00d3N A PRESENTAR:<br \/>\n1- Nota\u00a0 de presentaci\u00f3n e inscripci\u00f3n (dirigida a la Secretaria de Extensi\u00f3n y Asuntos Estudiantiles, Ab. Sof\u00eda Szechenyi).<br \/>\n2- Curriculum Vitae<br \/>\n3- Fotocopia del DNI del Estudiante<br \/>\n4- Constancia de Cuil<br \/>\n5- Certificado de Regularidad Universitaria.<br \/>\n6- Rendimiento Acad\u00e9mico<\/p>\n<p class=\"texto\">La documentaci\u00f3n podr\u00e1 presentarse desde\u00a0 el\u00a024 de abril al 3 de mayo del corriente a\u00f1o en la Secretar\u00eda de Extensi\u00f3n y Asuntos Estudiantiles, en el horario de atenci\u00f3n de 8 a 14, sin excepciones.El tel\u00e9fono de contacto es 298 4690225<\/p>\n","protected":false},"excerpt":{"rendered":"<p>La Secretar\u00eda de Extensi\u00f3n de la FADECS convoca a los estudiantes de la carrera Licenciatura en Comunicaci\u00f3n Social, a fin de realizar pasant\u00edas en el Diario R\u00edo Negro de General Roca. Carga horaria: 4 hs diarias Lugar: General Roca REQUISITOS PARA LA REALIZACI\u00d3N DE LAS PASANT\u00cdAS: Ser alumno regular de la carrera Licenciatura en Comunicaci\u00f3n [&hellip;]<\/p>\n","protected":false},"author":2,"featured_media":6120,"comment_status":"open","ping_status":"open","sticky":false,"template":"","format":"standard","meta":{"footnotes":""},"categories":[12,5,38],"tags":[],"class_list":["post-6119","post","type-post","status-publish","format-standard","has-post-thumbnail","hentry","category-12","category-notifadecs","category-pasantias"],"_links":{"self":[{"href":"https:\/\/fadeweb.uncoma.edu.ar\/index.php\/wp-json\/wp\/v2\/posts\/6119","targetHints":{"allow":["GET"]}}],"collection":[{"href":"https:\/\/fadeweb.uncoma.edu.ar\/index.php\/wp-json\/wp\/v2\/posts"}],"about":[{"href":"https:\/\/fadeweb.uncoma.edu.ar\/index.php\/wp-json\/wp\/v2\/types\/post"}],"author":[{"embeddable":true,"href":"https:\/\/fadeweb.uncoma.edu.ar\/index.php\/wp-json\/wp\/v2\/users\/2"}],"replies":[{"embeddable":true,"href":"https:\/\/fadeweb.uncoma.edu.ar\/index.php\/wp-json\/wp\/v2\/comments?post=6119"}],"version-history":[{"count":1,"href":"https:\/\/fadeweb.uncoma.edu.ar\/index.php\/wp-json\/wp\/v2\/posts\/6119\/revisions"}],"predecessor-version":[{"id":6121,"href":"https:\/\/fadeweb.uncoma.edu.ar\/index.php\/wp-json\/wp\/v2\/posts\/6119\/revisions\/6121"}],"wp:featuredmedia":[{"embeddable":true,"href":"https:\/\/fadeweb.uncoma.edu.ar\/index.php\/wp-json\/wp\/v2\/media\/6120"}],"wp:attachment":[{"href":"https:\/\/fadeweb.uncoma.edu.ar\/index.php\/wp-json\/wp\/v2\/media?parent=6119"}],"wp:term":[{"taxonomy":"category","embeddable":true,"href":"https:\/\/fadeweb.uncoma.edu.ar\/index.php\/wp-json\/wp\/v2\/categories?post=6119"},{"taxonomy":"post_tag","embeddable":true,"href":"https:\/\/fadeweb.uncoma.edu.ar\/index.php\/wp-json\/wp\/v2\/tags?post=6119"}],"curies":[{"name":"wp","href":"https:\/\/api.w.org\/{rel}","templated":true}]}}