{"id":5101,"date":"2022-09-30T08:06:33","date_gmt":"2022-09-30T11:06:33","guid":{"rendered":"http:\/\/170.210.81.106\/newfade\/?p=5101"},"modified":"2022-10-03T08:07:16","modified_gmt":"2022-10-03T11:07:16","slug":"hoy-comienzan-los-viernes-universitarios","status":"publish","type":"post","link":"https:\/\/fadeweb.uncoma.edu.ar\/index.php\/2022\/09\/30\/hoy-comienzan-los-viernes-universitarios\/","title":{"rendered":"HOY COMIENZAN LOS \u00abVIERNES UNIVERSITARIOS\u00bb"},"content":{"rendered":"<p class=\"texto\"><img fetchpriority=\"high\" decoding=\"async\" class=\"aligncenter wp-image-5102 size-large\" src=\"https:\/\/fadeweb.uncoma.edu.ar\/wp-content\/uploads\/2022\/10\/viernes-universitarios-fadecs-copia-1024x1024.jpg\" alt=\"\" width=\"800\" height=\"800\" srcset=\"https:\/\/fadeweb.uncoma.edu.ar\/wp-content\/uploads\/2022\/10\/viernes-universitarios-fadecs-copia-1024x1024.jpg 1024w, https:\/\/fadeweb.uncoma.edu.ar\/wp-content\/uploads\/2022\/10\/viernes-universitarios-fadecs-copia-300x300.jpg 300w, https:\/\/fadeweb.uncoma.edu.ar\/wp-content\/uploads\/2022\/10\/viernes-universitarios-fadecs-copia-150x150.jpg 150w, https:\/\/fadeweb.uncoma.edu.ar\/wp-content\/uploads\/2022\/10\/viernes-universitarios-fadecs-copia-768x768.jpg 768w, https:\/\/fadeweb.uncoma.edu.ar\/wp-content\/uploads\/2022\/10\/viernes-universitarios-fadecs-copia.jpg 1080w\" sizes=\"(max-width: 800px) 100vw, 800px\" \/>La Secretar\u00eda Acad\u00e9mica de la FADECS recuerda que hoy, 30 de septiembre, nuestra casa de estudios abre sus puertas a estudiantes de nivel medio, en el marco de los \u00abViernes universitarios\u00bb. Las fechas confirmadas son:<\/p>\n<ul>\n<li class=\"texto\">Viernes 30\/9 a las 14 horas (Turno Tarde)<\/li>\n<li class=\"texto\">Jueves 06\/10 a las 8.30 horas (Turno Ma\u00f1ana)<\/li>\n<li class=\"texto\">Viernes 14\/10 a las 18.30 horas (Turno noche)<\/li>\n<\/ul>\n<p class=\"texto\">La actividad esta dirigida en forma especial a estudiantes de 4\u00ba y 5\u00ba a\u00f1o de escuelas secundarias, y consiste en visitas a la sede universitaria y sus aulas, en donde recibir\u00e1n charlas sobre la oferta acad\u00e9mica. A\u00fan queda lugar para anotarse en cualquiera de los tres turnos.<\/p>\n<p class=\"texto\">Para participar hay que inscribirse previamente, enviando un correo a <a href=\"mailto:orientacion@fade.uncoma.edu.ar\">orientacion@fade.uncoma.edu.ar<\/a><\/p>\n","protected":false},"excerpt":{"rendered":"<p>La Secretar\u00eda Acad\u00e9mica de la FADECS recuerda que hoy, 30 de septiembre, nuestra casa de estudios abre sus puertas a estudiantes de nivel medio, en el marco de los \u00abViernes universitarios\u00bb. Las fechas confirmadas son: Viernes 30\/9 a las 14 horas (Turno Tarde) Jueves 06\/10 a las 8.30 horas (Turno Ma\u00f1ana) Viernes 14\/10 a las [&hellip;]<\/p>\n","protected":false},"author":2,"featured_media":5102,"comment_status":"open","ping_status":"open","sticky":false,"template":"","format":"standard","meta":{"footnotes":""},"categories":[14,5],"tags":[],"class_list":["post-5101","post","type-post","status-publish","format-standard","has-post-thumbnail","hentry","category-14","category-notifadecs"],"_links":{"self":[{"href":"https:\/\/fadeweb.uncoma.edu.ar\/index.php\/wp-json\/wp\/v2\/posts\/5101","targetHints":{"allow":["GET"]}}],"collection":[{"href":"https:\/\/fadeweb.uncoma.edu.ar\/index.php\/wp-json\/wp\/v2\/posts"}],"about":[{"href":"https:\/\/fadeweb.uncoma.edu.ar\/index.php\/wp-json\/wp\/v2\/types\/post"}],"author":[{"embeddable":true,"href":"https:\/\/fadeweb.uncoma.edu.ar\/index.php\/wp-json\/wp\/v2\/users\/2"}],"replies":[{"embeddable":true,"href":"https:\/\/fadeweb.uncoma.edu.ar\/index.php\/wp-json\/wp\/v2\/comments?post=5101"}],"version-history":[{"count":1,"href":"https:\/\/fadeweb.uncoma.edu.ar\/index.php\/wp-json\/wp\/v2\/posts\/5101\/revisions"}],"predecessor-version":[{"id":5103,"href":"https:\/\/fadeweb.uncoma.edu.ar\/index.php\/wp-json\/wp\/v2\/posts\/5101\/revisions\/5103"}],"wp:featuredmedia":[{"embeddable":true,"href":"https:\/\/fadeweb.uncoma.edu.ar\/index.php\/wp-json\/wp\/v2\/media\/5102"}],"wp:attachment":[{"href":"https:\/\/fadeweb.uncoma.edu.ar\/index.php\/wp-json\/wp\/v2\/media?parent=5101"}],"wp:term":[{"taxonomy":"category","embeddable":true,"href":"https:\/\/fadeweb.uncoma.edu.ar\/index.php\/wp-json\/wp\/v2\/categories?post=5101"},{"taxonomy":"post_tag","embeddable":true,"href":"https:\/\/fadeweb.uncoma.edu.ar\/index.php\/wp-json\/wp\/v2\/tags?post=5101"}],"curies":[{"name":"wp","href":"https:\/\/api.w.org\/{rel}","templated":true}]}}