{"id":5098,"date":"2022-09-30T08:05:36","date_gmt":"2022-09-30T11:05:36","guid":{"rendered":"http:\/\/170.210.81.106\/newfade\/?p=5098"},"modified":"2022-10-03T08:06:26","modified_gmt":"2022-10-03T11:06:26","slug":"el-camino-de-la-investigacion-para-encontrar-una-voz-de-autora","status":"publish","type":"post","link":"https:\/\/fadeweb.uncoma.edu.ar\/index.php\/2022\/09\/30\/el-camino-de-la-investigacion-para-encontrar-una-voz-de-autora\/","title":{"rendered":"EL CAMINO DE LA INVESTIGACI\u00d3N PARA ENCONTRAR UNA VOZ DE AUTORA"},"content":{"rendered":"<p class=\"texto\"><img fetchpriority=\"high\" decoding=\"async\" class=\"aligncenter wp-image-5099 size-large\" src=\"https:\/\/fadeweb.uncoma.edu.ar\/wp-content\/uploads\/2022\/10\/Abril-Lagos-1024x1024.jpeg\" alt=\"\" width=\"800\" height=\"800\" srcset=\"https:\/\/fadeweb.uncoma.edu.ar\/wp-content\/uploads\/2022\/10\/Abril-Lagos-1024x1024.jpeg 1024w, https:\/\/fadeweb.uncoma.edu.ar\/wp-content\/uploads\/2022\/10\/Abril-Lagos-300x300.jpeg 300w, https:\/\/fadeweb.uncoma.edu.ar\/wp-content\/uploads\/2022\/10\/Abril-Lagos-150x150.jpeg 150w, https:\/\/fadeweb.uncoma.edu.ar\/wp-content\/uploads\/2022\/10\/Abril-Lagos-768x769.jpeg 768w, https:\/\/fadeweb.uncoma.edu.ar\/wp-content\/uploads\/2022\/10\/Abril-Lagos.jpeg 1279w\" sizes=\"(max-width: 800px) 100vw, 800px\" \/>La estudiante Abril Lagos curs\u00f3 la Licenciatura en Comunicaci\u00f3n Social con menci\u00f3n en Gesti\u00f3n y Producci\u00f3n y menci\u00f3n en Locuci\u00f3n, y se encuentra en la etapa de investigaci\u00f3n y escritura de su tesis \u00abCondiciones de trabajo en la prensa del Alto Valle: La Ma\u00f1ana de Neuqu\u00e9n y Diario R\u00edo Negro. Una aproximaci\u00f3n desde la Econom\u00eda Pol\u00edtica de la Comunicaci\u00f3n\u00bb, con direcci\u00f3n del profesor Pablo Schleifer.<\/p>\n<p class=\"texto\">Para Abril, la instancia de ingreso a las Becas EVC-CIN Estimulaci\u00f3n a las Vocaciones Cient\u00edficas fue a partir del cursado del taller de tesis, durante el \u00faltimo a\u00f1o de la carrera, donde \u00abencontr\u00f3 un tema que la interpel\u00f3, la entusiasm\u00f3 y la anim\u00f3 a incursionar en el campo de la investigaci\u00f3n y la academia\u00bb.<\/p>\n<p class=\"texto\">La virtualidad tuvo una especial beneficio en relaci\u00f3n a reforzar la escucha de las clases, sobre todo las clases abiertas que est\u00e1n en Pedco de Econom\u00eda pol\u00edtica de la comunicaci\u00f3n, desde la cual trabaja estos d\u00edas el marco te\u00f3rico de la tesis.<\/p>\n<p class=\"texto\">\u00abTuve una r\u00e1pida y muy buena predisposici\u00f3n de parte del profesor Schleifer, quien me explic\u00f3 que la Beca EVC-CIN abre puertas a futuro para inscribirme a becas una vez graduada. Me insert\u00e9 en el grupo de investigaci\u00f3n \u00abConflictividad social, estado y praxis en la neoliberalizaci\u00f3n de la sociedad. Un an\u00e1lisis desde el Alto Valle de R\u00edo Negro, con direcci\u00f3n de Mar\u00eda Massoni y codirecci\u00f3n de Pablo Schleifer\u00bb, dijo.<\/p>\n<p class=\"texto\">All\u00ed comenz\u00f3 el proceso de adaptaci\u00f3n del proyecto de tesis trabajado en la materia del Taller al proyecto de investigaci\u00f3n, con los requerimientos del Consejo Interuniversitario Nacional. \u00abEn mi caso no hubo que realizar muchos ajustes porque el trabajo estaba encaminado por el lado del proyecto, a partir de ah\u00ed incursion\u00e9 mucho m\u00e1s en el g\u00e9nero acad\u00e9mico e inici\u00e9 la cuesti\u00f3n burocr\u00e1tica de inscripci\u00f3n\u00bb, dijo.<br \/>\nAbril espera fortalecerse en distintos aspectos, m\u00e1s all\u00e1 de los que giran en torno a mejorar su escritura en el g\u00e9nero acad\u00e9mico, a dialogar mejor con autoras y autores, y las cuestiones metodol\u00f3gicas a pulir todo el tiempo. \u00abEspero encontrar mi propia voz de autora, ganar confianza en m\u00ed misma, y sobre el proceso investigativo en cuanto a construcci\u00f3n y reconstrucci\u00f3n. En volver sobre los pasos y comprender el modo de ir aprendiendo\u00bb, dijo.<\/p>\n<p class=\"texto\">Le gustar\u00eda poder trabajar en quipo, publicar con otra gente y, de graduada, participar en congresos, conocer otras voces, y cuanto se investiga en la Universidad del Comahue y en el pa\u00eds. Aspira a \u00abtener un papel activo dentro de la investigaci\u00f3n durante el trayecto de la beca, una vez graduada y como futura investigadora. Las expectativas son muchas y rescato la forma en que me ha interpelado el proyecto de investigaci\u00f3n\u00bb, dijo.<\/p>\n","protected":false},"excerpt":{"rendered":"<p>La estudiante Abril Lagos curs\u00f3 la Licenciatura en Comunicaci\u00f3n Social con menci\u00f3n en Gesti\u00f3n y Producci\u00f3n y menci\u00f3n en Locuci\u00f3n, y se encuentra en la etapa de investigaci\u00f3n y escritura de su tesis \u00abCondiciones de trabajo en la prensa del Alto Valle: La Ma\u00f1ana de Neuqu\u00e9n y Diario R\u00edo Negro. Una aproximaci\u00f3n desde la Econom\u00eda [&hellip;]<\/p>\n","protected":false},"author":2,"featured_media":5099,"comment_status":"open","ping_status":"open","sticky":false,"template":"","format":"standard","meta":{"footnotes":""},"categories":[14,5],"tags":[],"class_list":["post-5098","post","type-post","status-publish","format-standard","has-post-thumbnail","hentry","category-14","category-notifadecs"],"_links":{"self":[{"href":"https:\/\/fadeweb.uncoma.edu.ar\/index.php\/wp-json\/wp\/v2\/posts\/5098","targetHints":{"allow":["GET"]}}],"collection":[{"href":"https:\/\/fadeweb.uncoma.edu.ar\/index.php\/wp-json\/wp\/v2\/posts"}],"about":[{"href":"https:\/\/fadeweb.uncoma.edu.ar\/index.php\/wp-json\/wp\/v2\/types\/post"}],"author":[{"embeddable":true,"href":"https:\/\/fadeweb.uncoma.edu.ar\/index.php\/wp-json\/wp\/v2\/users\/2"}],"replies":[{"embeddable":true,"href":"https:\/\/fadeweb.uncoma.edu.ar\/index.php\/wp-json\/wp\/v2\/comments?post=5098"}],"version-history":[{"count":1,"href":"https:\/\/fadeweb.uncoma.edu.ar\/index.php\/wp-json\/wp\/v2\/posts\/5098\/revisions"}],"predecessor-version":[{"id":5100,"href":"https:\/\/fadeweb.uncoma.edu.ar\/index.php\/wp-json\/wp\/v2\/posts\/5098\/revisions\/5100"}],"wp:featuredmedia":[{"embeddable":true,"href":"https:\/\/fadeweb.uncoma.edu.ar\/index.php\/wp-json\/wp\/v2\/media\/5099"}],"wp:attachment":[{"href":"https:\/\/fadeweb.uncoma.edu.ar\/index.php\/wp-json\/wp\/v2\/media?parent=5098"}],"wp:term":[{"taxonomy":"category","embeddable":true,"href":"https:\/\/fadeweb.uncoma.edu.ar\/index.php\/wp-json\/wp\/v2\/categories?post=5098"},{"taxonomy":"post_tag","embeddable":true,"href":"https:\/\/fadeweb.uncoma.edu.ar\/index.php\/wp-json\/wp\/v2\/tags?post=5098"}],"curies":[{"name":"wp","href":"https:\/\/api.w.org\/{rel}","templated":true}]}}