{"id":5095,"date":"2022-09-30T08:02:03","date_gmt":"2022-09-30T11:02:03","guid":{"rendered":"http:\/\/170.210.81.106\/newfade\/?p=5095"},"modified":"2022-10-03T08:02:47","modified_gmt":"2022-10-03T11:02:47","slug":"1-de-octubre-dia-internacional-de-las-personas-mayores","status":"publish","type":"post","link":"https:\/\/fadeweb.uncoma.edu.ar\/index.php\/2022\/09\/30\/1-de-octubre-dia-internacional-de-las-personas-mayores\/","title":{"rendered":"1\u00b0 DE OCTUBRE \u201cD\u00cdA INTERNACIONAL DE LAS PERSONAS MAYORES\u201d"},"content":{"rendered":"<p class=\"texto\"><img fetchpriority=\"high\" decoding=\"async\" class=\"aligncenter wp-image-5096 size-large\" src=\"https:\/\/fadeweb.uncoma.edu.ar\/wp-content\/uploads\/2022\/10\/obs-pm-1024x925.jpg\" alt=\"\" width=\"800\" height=\"723\" srcset=\"https:\/\/fadeweb.uncoma.edu.ar\/wp-content\/uploads\/2022\/10\/obs-pm-1024x925.jpg 1024w, https:\/\/fadeweb.uncoma.edu.ar\/wp-content\/uploads\/2022\/10\/obs-pm-300x271.jpg 300w, https:\/\/fadeweb.uncoma.edu.ar\/wp-content\/uploads\/2022\/10\/obs-pm-768x694.jpg 768w, https:\/\/fadeweb.uncoma.edu.ar\/wp-content\/uploads\/2022\/10\/obs-pm.jpg 1156w\" sizes=\"(max-width: 800px) 100vw, 800px\" \/>El 1\u00b0 de octubre se conmemora el D\u00eda Internacional de las Personas mayores, fecha designada en 1990 por la Asamblea de las Naciones Unidas para reivindicar los Derechos de este grupo etario.<\/p>\n<p class=\"texto\">El Observatorio de Pol\u00edticas P\u00fablicas para Personas Mayores invita, en esta fecha, a la\u00a0 reflexi\u00f3n para ampliar la mirada acerca de las vejeces de manera de erradicar los prejuicios y estereotipos que favorecen las actitudes de discriminaci\u00f3n.<\/p>\n<p class=\"texto\">Las personas mayores tienen derecho a mantener el v\u00ednculo en la sociedad sin importar su edad, su condici\u00f3n social o g\u00e9nero, en tal sentido, la Organizaci\u00f3n Mundial de la Salud expresa que envejecer de manera saludable, significa ser capaz de hacer durante el m\u00e1ximo tiempo posible las cosas a la que le damos valor.<\/p>\n<p class=\"texto\">El envejecimiento saludable es el proceso por el cual se fomenta y mantiene la capacidad funcional que permite el bienestar en la vejez; son atributos que permiten a todas las personas ser y hacer lo que para ellas es importante.<\/p>\n<p class=\"texto\">Hacemos un llamamiento a los decisores pol\u00edticos y a la sociedad en general para que incluyamos efectivamente una perspectiva de vejez y un enfoque intersectorial de derechos humanos centrado en la persona por una sociedad para todas las edades.<\/p>\n","protected":false},"excerpt":{"rendered":"<p>El 1\u00b0 de octubre se conmemora el D\u00eda Internacional de las Personas mayores, fecha designada en 1990 por la Asamblea de las Naciones Unidas para reivindicar los Derechos de este grupo etario. El Observatorio de Pol\u00edticas P\u00fablicas para Personas Mayores invita, en esta fecha, a la\u00a0 reflexi\u00f3n para ampliar la mirada acerca de las vejeces [&hellip;]<\/p>\n","protected":false},"author":2,"featured_media":5096,"comment_status":"open","ping_status":"open","sticky":false,"template":"","format":"standard","meta":{"footnotes":""},"categories":[14,5],"tags":[],"class_list":["post-5095","post","type-post","status-publish","format-standard","has-post-thumbnail","hentry","category-14","category-notifadecs"],"_links":{"self":[{"href":"https:\/\/fadeweb.uncoma.edu.ar\/index.php\/wp-json\/wp\/v2\/posts\/5095","targetHints":{"allow":["GET"]}}],"collection":[{"href":"https:\/\/fadeweb.uncoma.edu.ar\/index.php\/wp-json\/wp\/v2\/posts"}],"about":[{"href":"https:\/\/fadeweb.uncoma.edu.ar\/index.php\/wp-json\/wp\/v2\/types\/post"}],"author":[{"embeddable":true,"href":"https:\/\/fadeweb.uncoma.edu.ar\/index.php\/wp-json\/wp\/v2\/users\/2"}],"replies":[{"embeddable":true,"href":"https:\/\/fadeweb.uncoma.edu.ar\/index.php\/wp-json\/wp\/v2\/comments?post=5095"}],"version-history":[{"count":1,"href":"https:\/\/fadeweb.uncoma.edu.ar\/index.php\/wp-json\/wp\/v2\/posts\/5095\/revisions"}],"predecessor-version":[{"id":5097,"href":"https:\/\/fadeweb.uncoma.edu.ar\/index.php\/wp-json\/wp\/v2\/posts\/5095\/revisions\/5097"}],"wp:featuredmedia":[{"embeddable":true,"href":"https:\/\/fadeweb.uncoma.edu.ar\/index.php\/wp-json\/wp\/v2\/media\/5096"}],"wp:attachment":[{"href":"https:\/\/fadeweb.uncoma.edu.ar\/index.php\/wp-json\/wp\/v2\/media?parent=5095"}],"wp:term":[{"taxonomy":"category","embeddable":true,"href":"https:\/\/fadeweb.uncoma.edu.ar\/index.php\/wp-json\/wp\/v2\/categories?post=5095"},{"taxonomy":"post_tag","embeddable":true,"href":"https:\/\/fadeweb.uncoma.edu.ar\/index.php\/wp-json\/wp\/v2\/tags?post=5095"}],"curies":[{"name":"wp","href":"https:\/\/api.w.org\/{rel}","templated":true}]}}