{"id":4416,"date":"2021-12-10T11:43:20","date_gmt":"2021-12-10T11:43:20","guid":{"rendered":"http:\/\/web.fadecs.uncoma.edu.ar\/?p=4416"},"modified":"2021-12-10T11:43:20","modified_gmt":"2021-12-10T11:43:20","slug":"especializacion-en-criminologia-politicas-de-seguridad-y-justicia-penal","status":"publish","type":"post","link":"https:\/\/fadeweb.uncoma.edu.ar\/index.php\/2021\/12\/10\/especializacion-en-criminologia-politicas-de-seguridad-y-justicia-penal\/","title":{"rendered":"ESPECIALIZACI\u00d3N EN CRIMINOLOG\u00cdA, POL\u00cdTICAS DE SEGURIDAD Y JUSTICIA PENAL"},"content":{"rendered":"<p class=\"texto\"><img fetchpriority=\"high\" decoding=\"async\" class=\"aligncenter wp-image-4417 size-large\" src=\"https:\/\/fadeweb.uncoma.edu.ar\/wp-content\/uploads\/2022\/09\/criminologia-fadecs-1024x722.jpeg\" alt=\"\" width=\"800\" height=\"564\" srcset=\"https:\/\/fadeweb.uncoma.edu.ar\/wp-content\/uploads\/2022\/09\/criminologia-fadecs-1024x722.jpeg 1024w, https:\/\/fadeweb.uncoma.edu.ar\/wp-content\/uploads\/2022\/09\/criminologia-fadecs-300x212.jpeg 300w, https:\/\/fadeweb.uncoma.edu.ar\/wp-content\/uploads\/2022\/09\/criminologia-fadecs-768x542.jpeg 768w, https:\/\/fadeweb.uncoma.edu.ar\/wp-content\/uploads\/2022\/09\/criminologia-fadecs.jpeg 1280w\" sizes=\"(max-width: 800px) 100vw, 800px\" \/>En el marco de acuerdos acad\u00e9micos conjuntos entre la Facultad de Derecho y Ciencias Sociales de la Universidad Nacional del Comahue y la Facultad de Ciencias Jur\u00eddicas de la Universidad Nacional del Litoral, durante el a\u00f1o 2022\u00a0 se dictar\u00e1n cursos semipresenciales acreditables para la carrera \u201cEspecializaci\u00f3n en criminolog\u00eda, pol\u00edticas de seguridad y justicia penal\u201d, dirigida por el Dr. M\u00e1ximo Sozzo y titulada por\u00a0 la Universidad Nacional del Litoral.<\/p>\n<p class=\"texto\">El dictado ser\u00e1 en la sede de esta unidad acad\u00e9mica en General Roca. Para mayor informaci\u00f3n, el lunes 13 de diciembre a las 18 horas, se realizar\u00e1 un encuentro en forma virtual para profundizar en mayores detalles.<\/p>\n","protected":false},"excerpt":{"rendered":"<p>En el marco de acuerdos acad\u00e9micos conjuntos entre la Facultad de Derecho y Ciencias Sociales de la Universidad Nacional del Comahue y la Facultad de Ciencias Jur\u00eddicas de la Universidad Nacional del Litoral, durante el a\u00f1o 2022\u00a0 se dictar\u00e1n cursos semipresenciales acreditables para la carrera \u201cEspecializaci\u00f3n en criminolog\u00eda, pol\u00edticas de seguridad y justicia penal\u201d, dirigida [&hellip;]<\/p>\n","protected":false},"author":2,"featured_media":4417,"comment_status":"closed","ping_status":"closed","sticky":false,"template":"","format":"standard","meta":{"footnotes":""},"categories":[13,5],"tags":[],"class_list":["post-4416","post","type-post","status-publish","format-standard","has-post-thumbnail","hentry","category-13","category-notifadecs"],"_links":{"self":[{"href":"https:\/\/fadeweb.uncoma.edu.ar\/index.php\/wp-json\/wp\/v2\/posts\/4416","targetHints":{"allow":["GET"]}}],"collection":[{"href":"https:\/\/fadeweb.uncoma.edu.ar\/index.php\/wp-json\/wp\/v2\/posts"}],"about":[{"href":"https:\/\/fadeweb.uncoma.edu.ar\/index.php\/wp-json\/wp\/v2\/types\/post"}],"author":[{"embeddable":true,"href":"https:\/\/fadeweb.uncoma.edu.ar\/index.php\/wp-json\/wp\/v2\/users\/2"}],"replies":[{"embeddable":true,"href":"https:\/\/fadeweb.uncoma.edu.ar\/index.php\/wp-json\/wp\/v2\/comments?post=4416"}],"version-history":[{"count":0,"href":"https:\/\/fadeweb.uncoma.edu.ar\/index.php\/wp-json\/wp\/v2\/posts\/4416\/revisions"}],"wp:featuredmedia":[{"embeddable":true,"href":"https:\/\/fadeweb.uncoma.edu.ar\/index.php\/wp-json\/wp\/v2\/media\/4417"}],"wp:attachment":[{"href":"https:\/\/fadeweb.uncoma.edu.ar\/index.php\/wp-json\/wp\/v2\/media?parent=4416"}],"wp:term":[{"taxonomy":"category","embeddable":true,"href":"https:\/\/fadeweb.uncoma.edu.ar\/index.php\/wp-json\/wp\/v2\/categories?post=4416"},{"taxonomy":"post_tag","embeddable":true,"href":"https:\/\/fadeweb.uncoma.edu.ar\/index.php\/wp-json\/wp\/v2\/tags?post=4416"}],"curies":[{"name":"wp","href":"https:\/\/api.w.org\/{rel}","templated":true}]}}