{"id":4413,"date":"2021-12-10T11:42:23","date_gmt":"2021-12-10T11:42:23","guid":{"rendered":"http:\/\/web.fadecs.uncoma.edu.ar\/?p=4413"},"modified":"2021-12-10T11:42:23","modified_gmt":"2021-12-10T11:42:23","slug":"hoy-la-universidad-del-comahue-comienza-a-celebrar-sus-50-anos-con-un-libro-homenaje-a-noemi-labrune","status":"publish","type":"post","link":"https:\/\/fadeweb.uncoma.edu.ar\/index.php\/2021\/12\/10\/hoy-la-universidad-del-comahue-comienza-a-celebrar-sus-50-anos-con-un-libro-homenaje-a-noemi-labrune\/","title":{"rendered":"HOY, LA UNIVERSIDAD DEL COMAHUE COMIENZA A CELEBRAR SUS 50 A\u00d1OS CON UN LIBRO HOMENAJE A NOEM\u00cd LABRUNE"},"content":{"rendered":"<p class=\"texto\"><a href=\"https:\/\/fadeweb.uncoma.edu.ar\/wp-content\/uploads\/2022\/09\/noe.jpeg\"><img fetchpriority=\"high\" decoding=\"async\" class=\"aligncenter wp-image-4414 size-large\" src=\"https:\/\/fadeweb.uncoma.edu.ar\/wp-content\/uploads\/2022\/09\/noe-1024x1024.jpeg\" alt=\"\" width=\"800\" height=\"800\" srcset=\"https:\/\/fadeweb.uncoma.edu.ar\/wp-content\/uploads\/2022\/09\/noe-1024x1024.jpeg 1024w, https:\/\/fadeweb.uncoma.edu.ar\/wp-content\/uploads\/2022\/09\/noe-300x300.jpeg 300w, https:\/\/fadeweb.uncoma.edu.ar\/wp-content\/uploads\/2022\/09\/noe-150x150.jpeg 150w, https:\/\/fadeweb.uncoma.edu.ar\/wp-content\/uploads\/2022\/09\/noe-768x768.jpeg 768w, https:\/\/fadeweb.uncoma.edu.ar\/wp-content\/uploads\/2022\/09\/noe-1536x1536.jpeg 1536w, https:\/\/fadeweb.uncoma.edu.ar\/wp-content\/uploads\/2022\/09\/noe.jpeg 1599w\" sizes=\"(max-width: 800px) 100vw, 800px\" \/><\/a>El libro \u201cNoem\u00ed Labrune y la lucha por los derechos humanos. De lo individual a lo colectivo\u201d nos propone encajar y relanzar las piezas de un rompecabezas de la historia reciente de los derechos humanos, vertebrado por las acciones que ha ido tejiendo Noem\u00ed a lo largo de d\u00e9cadas. Con pr\u00f3logo de Nora Corti\u00f1as y palabras del premio Nobel de la Paz Adolfo P\u00e9rez Esquivel y de la presidenta de la Comisi\u00f3n Interamericana de Derechos Humanos, Antonia Noguera Urrejola, la Universidad Nacional del Comahue brinda un nuevo homenaje a su Doctora Honoris Causa Noem\u00ed Labrune.<\/p>\n<p class=\"texto\">La presentaci\u00f3n del libro ser\u00e1 hoy, 10 de diciembre, D\u00eda Internacional de los Derechos Humanos, a partir de las 17 horas en el play\u00f3n de la Universidad, ubicado en Buenos Aires 1400 de la ciudad de Neuqu\u00e9n. Ser\u00e1 acompa\u00f1ada por la actuaci\u00f3n del Coro Universitario del Comahue y la Orquesta Infanto Juvenil de Cuerdas de Cutral Co.<\/p>\n<p class=\"texto\">El panel estar\u00e1 integrado por Noem\u00ed Labrune (APDH Neuqu\u00e9n), Amanda Toubes (docente de la UBA), Beatriz Gentile (decana de la Facultad de Humanidades), Juan Pablo Bohoslavsky (editor del libro), de manera presencial, y en forma virtual Nora Corti\u00f1as, Adolfo P\u00e9rez Esquivel y Antonia Noguera Urrejola. La presentaci\u00f3n estar\u00e1 a cargo del rector, Lic. Gustavo Crisafulli.<\/p>\n<p class=\"texto\">Con el objetivo de sistematizar una pedagog\u00eda de la militancia, este libro de autor\u00eda m\u00faltiple repasa y reflexiona sobre las dimensiones individuales y colectivas de las acciones que Noem\u00ed ha venido emprendiendo por d\u00e9cadas en el campo de los derechos humanos. De ese modo, se abarcan los or\u00edgenes del trabajo de extensi\u00f3n en las universidades argentinas, los procesos de resistencia y denuncia forjados durante y despu\u00e9s de la \u00faltima dictadura c\u00edvico-militar, los aspectos fundacionales y organizativos de los organismos de derechos humanos en Argentina y las estrategias desplegadas para hacer posibles los juicios de la verdad y los juicios de lesa humanidad. Tambi\u00e9n las luchas de los pueblos originarios, los reclamos de las\/os trabajadoras\/es, el combate a la pervivencia de la violencia institucional, los usos pedag\u00f3gicos de la memoria, la promoci\u00f3n del arte y de las\/os artistas, las luchas ambientalistas, la exigibilidad de los derechos econ\u00f3micos y sociales, la demanda por los derechos de las\/os ni\u00f1as y adolescentes, y el fortalecimiento de la educaci\u00f3n p\u00fablica en todos sus niveles.<\/p>\n<p class=\"texto\">El libro cuenta con el pr\u00f3logo de Nora Corti\u00f1as, fue editado por Juan Pablo Bohoslavsky, y escrito por 37 autora\/es, incluyendo a la propia Noem\u00ed Labrune: Jorge Luis Albertoni, Asamblea por los Derechos Humanos de Neuqu\u00e9n (APDH), Cecilia Arcucci, Mar\u00eda Cecilia Azc\u00f3negui, Silvia Barco, Susana Leda Barco, Guadalupe Basualdo, Leticia Bellini, Juan Pablo Bohoslavsky, Pablo Bohoslavsky, Roberto Juan Caules, Marta F. Cohen, Nora Corti\u00f1as, N\u00e9lida Fern\u00e1ndez Busso, Susana Fortunato, Luis Alfredo Genga, Ra\u00fal Godoy, Juan Cruz Go\u00f1i, Marcelo Walter Grosso, Adolfina Janson, Mabel Landgrebe, Betina Labrune, David Lugones, Sara Mansilla, Marcelo Medrano, Nerea Regina Monte, Jorge Nawel Purran, Nara Os\u00e9s, Adolfo P\u00e9rez Esquivel, Jorge \u2018Pelado\u2019 Salaburu, Hugo Ratier, Hilda Santos, Dora Seguel, Nora Speier de Fern\u00e1ndez, Mar\u00eda Clara Tagliafico, Amanda Toubes .<\/p>\n<p class=\"texto\">Esta publicaci\u00f3n fue el desaf\u00edo m\u00e1s importante que tuvo en sus dos a\u00f1os de funcionamiento el Polo Editorial del Comahue y su Consejo Editorial. Con casi 80 publicaciones acad\u00e9micas, cient\u00edficas y de extensi\u00f3n, el significado e implicaciones de las acciones que se relatan en el libro, el n\u00famero de ejemplares y la expectativa generada en la comunidad, este libro es especial desde muchos aspectos.<\/p>\n<p class=\"texto\">El Consejo Editorial funciona en el \u00e1mbito de la Secretar\u00eda de Extensi\u00f3n y est\u00e1 integrado por la Dra. Adriana Caballero \u2013vicerrectora de Universidad-, la Dra. Ana Pech\u00e9n \u2013ex rectora- y al Dr. Enrique Mas\u00e9s \u2013subsecretario de Relaciones Internacionales y director de Posgrado. El cuerpo est\u00e1 presidido por el secretario de Extensi\u00f3n Universitaria, Mg. Gustavo Ferreyra. Lo integran tambi\u00e9n el director de la Editorial Universitaria EDUCO, Lic. Enzo Canale, y, como secretario, el comunicador social Jorge Subrini.<\/p>\n<p class=\"texto\">La publicaci\u00f3n fue editada por EDUCO y est\u00e1 alojada en el Repositorio Digital Institucional de la Biblioteca Central de la Universidad Nacional del Comahue y puede visitarse en el enlace <a href=\"http:\/\/rdi.uncoma.edu.ar\/handle\/123456789\/16510\">http:\/\/rdi.uncoma.edu.ar\/handle\/123456789\/16510<\/a><\/p>\n<p class=\"texto\">Esta presentaci\u00f3n en forma presencial es el inicio de las actividades en conmemoraci\u00f3n de los 50 a\u00f1os de la Universidad Nacional del Comahue y podr\u00e1 seguirse en vivo en el <a href=\"https:\/\/www.youtube.com\/c\/comunidadcomahue\"><strong>canal de YouTube de Comunidad Comahue <\/strong><\/a><\/p>\n","protected":false},"excerpt":{"rendered":"<p>El libro \u201cNoem\u00ed Labrune y la lucha por los derechos humanos. De lo individual a lo colectivo\u201d nos propone encajar y relanzar las piezas de un rompecabezas de la historia reciente de los derechos humanos, vertebrado por las acciones que ha ido tejiendo Noem\u00ed a lo largo de d\u00e9cadas. Con pr\u00f3logo de Nora Corti\u00f1as y [&hellip;]<\/p>\n","protected":false},"author":2,"featured_media":4414,"comment_status":"closed","ping_status":"closed","sticky":false,"template":"","format":"standard","meta":{"footnotes":""},"categories":[13,5],"tags":[],"class_list":["post-4413","post","type-post","status-publish","format-standard","has-post-thumbnail","hentry","category-13","category-notifadecs"],"_links":{"self":[{"href":"https:\/\/fadeweb.uncoma.edu.ar\/index.php\/wp-json\/wp\/v2\/posts\/4413","targetHints":{"allow":["GET"]}}],"collection":[{"href":"https:\/\/fadeweb.uncoma.edu.ar\/index.php\/wp-json\/wp\/v2\/posts"}],"about":[{"href":"https:\/\/fadeweb.uncoma.edu.ar\/index.php\/wp-json\/wp\/v2\/types\/post"}],"author":[{"embeddable":true,"href":"https:\/\/fadeweb.uncoma.edu.ar\/index.php\/wp-json\/wp\/v2\/users\/2"}],"replies":[{"embeddable":true,"href":"https:\/\/fadeweb.uncoma.edu.ar\/index.php\/wp-json\/wp\/v2\/comments?post=4413"}],"version-history":[{"count":0,"href":"https:\/\/fadeweb.uncoma.edu.ar\/index.php\/wp-json\/wp\/v2\/posts\/4413\/revisions"}],"wp:featuredmedia":[{"embeddable":true,"href":"https:\/\/fadeweb.uncoma.edu.ar\/index.php\/wp-json\/wp\/v2\/media\/4414"}],"wp:attachment":[{"href":"https:\/\/fadeweb.uncoma.edu.ar\/index.php\/wp-json\/wp\/v2\/media?parent=4413"}],"wp:term":[{"taxonomy":"category","embeddable":true,"href":"https:\/\/fadeweb.uncoma.edu.ar\/index.php\/wp-json\/wp\/v2\/categories?post=4413"},{"taxonomy":"post_tag","embeddable":true,"href":"https:\/\/fadeweb.uncoma.edu.ar\/index.php\/wp-json\/wp\/v2\/tags?post=4413"}],"curies":[{"name":"wp","href":"https:\/\/api.w.org\/{rel}","templated":true}]}}