{"id":4410,"date":"2021-12-10T11:41:04","date_gmt":"2021-12-10T11:41:04","guid":{"rendered":"http:\/\/web.fadecs.uncoma.edu.ar\/?p=4410"},"modified":"2021-12-10T11:41:04","modified_gmt":"2021-12-10T11:41:04","slug":"10-de-diciembre-feliz-dia-trabajadoras-y-trabajadores-sociales","status":"publish","type":"post","link":"https:\/\/fadeweb.uncoma.edu.ar\/index.php\/2021\/12\/10\/10-de-diciembre-feliz-dia-trabajadoras-y-trabajadores-sociales\/","title":{"rendered":"10 DE DICIEMBRE, \u00a1FELIZ D\u00cdA TRABAJADORAS Y TRABAJADORES SOCIALES!"},"content":{"rendered":"<p class=\"texto\"><img fetchpriority=\"high\" decoding=\"async\" class=\"aligncenter wp-image-4411 size-large\" src=\"https:\/\/fadeweb.uncoma.edu.ar\/wp-content\/uploads\/2022\/09\/10-12-fadecs-1024x1024.jpg\" alt=\"\" width=\"800\" height=\"800\" srcset=\"https:\/\/fadeweb.uncoma.edu.ar\/wp-content\/uploads\/2022\/09\/10-12-fadecs-1024x1024.jpg 1024w, https:\/\/fadeweb.uncoma.edu.ar\/wp-content\/uploads\/2022\/09\/10-12-fadecs-300x300.jpg 300w, https:\/\/fadeweb.uncoma.edu.ar\/wp-content\/uploads\/2022\/09\/10-12-fadecs-150x150.jpg 150w, https:\/\/fadeweb.uncoma.edu.ar\/wp-content\/uploads\/2022\/09\/10-12-fadecs-768x768.jpg 768w, https:\/\/fadeweb.uncoma.edu.ar\/wp-content\/uploads\/2022\/09\/10-12-fadecs.jpg 1080w\" sizes=\"(max-width: 800px) 100vw, 800px\" \/>La pr\u00e1ctica del\/a Trabajador\/a Social est\u00e1 orientada a intervenir en t\u00e9rminos de promoci\u00f3n, defensa y garant\u00eda de los Derechos Humanos; de manera que educaci\u00f3n, salud, trabajo, h\u00e1bitat, vivienda, justicia, son el \u00e1mbito en el que como profesionales ejercen su saber destinado a instrumentar los mecanismos de acceso para su ejercicio en forma real y efectiva.<\/p>\n<p class=\"texto\">La Asociaci\u00f3n Internacional de Trabajo Social (IASSW) presidida actualmente por la colega argentina Silvana Mart\u00ednez, define \u201cLa profesi\u00f3n de Trabajo Social facilita el cambio y desarrollo social, la cohesi\u00f3n social y el empoderamiento y liberaci\u00f3n de las personas. Los principios de justicia social, derechos humanos, responsabilidad colectiva y respeto por las diversidades son esenciales al trabajo social. Respaldado por teor\u00edas de trabajo social, ciencias sociales, humanidades y conocimientos indigenistas, el trabajo social involucra gente y estructuras para abordar los desaf\u00edos de la vida y fomentar el bienestar. Los mandatos esenciales de la profesi\u00f3n de Trabajo Social incluyen facilitar el cambio social, el desarrollo social, la cohesi\u00f3n social y el empoderamiento y liberaci\u00f3n de las personas\u201d.<\/p>\n<p class=\"texto\">Las autoridades de la Facultad de Derecho y Ciencias Sociales saludan este 10 de diciembre a las trabajadoras y los trabajadores sociales en su d\u00eda, y los invitan a continuar promoviendo, tanto el fortalecimiento individual como el desarrollo y la transformaci\u00f3n social.<\/p>\n","protected":false},"excerpt":{"rendered":"<p>La pr\u00e1ctica del\/a Trabajador\/a Social est\u00e1 orientada a intervenir en t\u00e9rminos de promoci\u00f3n, defensa y garant\u00eda de los Derechos Humanos; de manera que educaci\u00f3n, salud, trabajo, h\u00e1bitat, vivienda, justicia, son el \u00e1mbito en el que como profesionales ejercen su saber destinado a instrumentar los mecanismos de acceso para su ejercicio en forma real y efectiva. [&hellip;]<\/p>\n","protected":false},"author":2,"featured_media":4411,"comment_status":"closed","ping_status":"closed","sticky":false,"template":"","format":"standard","meta":{"footnotes":""},"categories":[13,5],"tags":[],"class_list":["post-4410","post","type-post","status-publish","format-standard","has-post-thumbnail","hentry","category-13","category-notifadecs"],"_links":{"self":[{"href":"https:\/\/fadeweb.uncoma.edu.ar\/index.php\/wp-json\/wp\/v2\/posts\/4410","targetHints":{"allow":["GET"]}}],"collection":[{"href":"https:\/\/fadeweb.uncoma.edu.ar\/index.php\/wp-json\/wp\/v2\/posts"}],"about":[{"href":"https:\/\/fadeweb.uncoma.edu.ar\/index.php\/wp-json\/wp\/v2\/types\/post"}],"author":[{"embeddable":true,"href":"https:\/\/fadeweb.uncoma.edu.ar\/index.php\/wp-json\/wp\/v2\/users\/2"}],"replies":[{"embeddable":true,"href":"https:\/\/fadeweb.uncoma.edu.ar\/index.php\/wp-json\/wp\/v2\/comments?post=4410"}],"version-history":[{"count":0,"href":"https:\/\/fadeweb.uncoma.edu.ar\/index.php\/wp-json\/wp\/v2\/posts\/4410\/revisions"}],"wp:featuredmedia":[{"embeddable":true,"href":"https:\/\/fadeweb.uncoma.edu.ar\/index.php\/wp-json\/wp\/v2\/media\/4411"}],"wp:attachment":[{"href":"https:\/\/fadeweb.uncoma.edu.ar\/index.php\/wp-json\/wp\/v2\/media?parent=4410"}],"wp:term":[{"taxonomy":"category","embeddable":true,"href":"https:\/\/fadeweb.uncoma.edu.ar\/index.php\/wp-json\/wp\/v2\/categories?post=4410"},{"taxonomy":"post_tag","embeddable":true,"href":"https:\/\/fadeweb.uncoma.edu.ar\/index.php\/wp-json\/wp\/v2\/tags?post=4410"}],"curies":[{"name":"wp","href":"https:\/\/api.w.org\/{rel}","templated":true}]}}