{"id":4337,"date":"2022-02-08T13:43:52","date_gmt":"2022-02-08T13:43:52","guid":{"rendered":"http:\/\/web.fadecs.uncoma.edu.ar\/?p=4337"},"modified":"2022-02-08T13:43:52","modified_gmt":"2022-02-08T13:43:52","slug":"carrera-de-posgrado-especializacion-en-derecho-procesal-civil","status":"publish","type":"post","link":"https:\/\/fadeweb.uncoma.edu.ar\/index.php\/2022\/02\/08\/carrera-de-posgrado-especializacion-en-derecho-procesal-civil\/","title":{"rendered":"CARRERA DE POSGRADO: ESPECIALIZACI\u00d3N EN DERECHO PROCESAL CIVIL"},"content":{"rendered":"<p class=\"texto\"><img fetchpriority=\"high\" decoding=\"async\" class=\"aligncenter wp-image-4338 size-full\" src=\"https:\/\/fadeweb.uncoma.edu.ar\/wp-content\/uploads\/2022\/09\/pc-fadecs.jpg\" alt=\"\" width=\"526\" height=\"526\" srcset=\"https:\/\/fadeweb.uncoma.edu.ar\/wp-content\/uploads\/2022\/09\/pc-fadecs.jpg 526w, https:\/\/fadeweb.uncoma.edu.ar\/wp-content\/uploads\/2022\/09\/pc-fadecs-300x300.jpg 300w, https:\/\/fadeweb.uncoma.edu.ar\/wp-content\/uploads\/2022\/09\/pc-fadecs-150x150.jpg 150w\" sizes=\"(max-width: 526px) 100vw, 526px\" \/>El Departamento de posgrado informa que para el a\u00f1o lectivo 2.022 se dictar\u00e1 en la Facultad de Derecho y Ciencias Sociales de la Universidad Nacional del Comahue la Especializaci\u00f3n en Derecho Procesal Civil, cuya titulaci\u00f3n estar\u00e1 a cargo de la Universidad de Buenos Aires.<\/p>\n<p class=\"texto\">La carrera de especializaci\u00f3n en Derecho Procesal Civil se encuentra acreditada por la Comisi\u00f3n Nacional de Evaluaci\u00f3n y Acreditaci\u00f3n Universitaria (CONEAU) por\u00a0<a href=\"http:\/\/listas.uncoma.edu.ar\/lists\/lt.php?id=LB9TC1xUAExSBQQNAEtXAFVTAA\" target=\"_blank\" rel=\"noopener\">Resoluci\u00f3n N\u00ba 542\/16<\/a>\u00a0y posee reconocimiento oficial y validez nacional del t\u00edtulo, por\u00a0<a href=\"http:\/\/listas.uncoma.edu.ar\/lists\/lt.php?id=LB9TC1xUAUxSBQQNAEtXAFVTAA\" target=\"_blank\" rel=\"noopener\">Resoluci\u00f3n Ministerial N\u00ba 2864\/17<\/a>.<\/p>\n<p class=\"texto\">La direcci\u00f3n de la carrera se encuentra a cargo del reconocido jurista Dr. Osvaldo Alfredo Goza\u00edni. La coordinaci\u00f3n de la misma ser\u00e1 desempe\u00f1ada por el docente Rodrigo Benitez.<\/p>\n<p class=\"texto\">El equipo docente estar\u00e1 conformado por el plantel docente estable y docentes invitados:<\/p>\n<p class=\"texto\">Plantel docente estable<br \/>\nAmaya, Jorge Alejandro<br \/>\nBasterra, Marcela I.<br \/>\nBielli, Gast\u00f3n<br \/>\nCaeiro, Mar\u00eda Constanza,<br \/>\nG\u00f6bel, Karin E.<br \/>\nJatip, Jimena<br \/>\nKielmanovich, Jorge L.<br \/>\nLoianno, Adelina<br \/>\nLoianno, Patricia<br \/>\nL\u00f3pez Alfons\u00edn, Marcelo A.<br \/>\nMaesa, Silvina Paola<br \/>\nMid\u00f3n, Marcelo S.<br \/>\nMolina Quiroga, Eduardo<br \/>\nPulice, Silvana Olga<br \/>\nQuadri, Gabriel Hern\u00e1n<br \/>\nRodriguez, Mar\u00eda Fabiola<br \/>\nRojas, Jorge A.<br \/>\nSabsay, Daniel A.<br \/>\nSalgado, Jos\u00e9 Mar\u00eda<br \/>\nTanzi, Silvia Yolanda<br \/>\nTorres Traba, Jos\u00e9 Mar\u00eda<br \/>\nVerdaguer, Alejandro<br \/>\nWajntraub,Javier<\/p>\n<p class=\"texto\"><strong>Invitados especiales<\/strong><\/p>\n<p class=\"texto\">Invitados especiales del extranjero<\/p>\n<p class=\"texto\">En directo<\/p>\n<p class=\"texto\">Carlos Ayala Corao (Venezuela)<br \/>\nGerardo Eto Cruz (Per\u00fa)<br \/>\nEduardo Ferrer Mac Gregor (M\u00e9xico)<br \/>\nSergio Garc\u00eda Ram\u00edrez (M\u00e9xico)<br \/>\nNelson Ram\u00edrez Jim\u00e9nez (Per\u00fa)<br \/>\nIsa\u00edas Rivera Rodr\u00edguez (M\u00e9xico)<br \/>\nManuel Riera Dom\u00ednguez (Paraguay)<br \/>\nPablo Dar\u00edo Villalba Bernie (Paraguay)<\/p>\n<p class=\"texto\">Con videos grabados<\/p>\n<p class=\"texto\">Luigi Ferrajoli (Italia)<br \/>\nMichele Taruffo (Italia)+<br \/>\nH\u00e9ctor Fix Zamudio (M\u00e9xico)+<br \/>\nJairo Parra Quijano (Colombia)<\/p>\n<p class=\"texto\">Esta carrera se encuentra destinada a profesionales con t\u00edtulo de grado de Abogado\/a. El costo de la misma es $180.000, pagaderos en 10 cuotas de $ 18000.<\/p>\n<p class=\"texto\">El per\u00edodo de preinscripci\u00f3n se encontrar\u00e1 abierto desde el 01 de febrero al 18 de marzo de 2022. Quienes est\u00e9n interesados\/as deben completar la PLANILLA DE PRE-INSCRIPCI\u00d3N siguiendo el c\u00f3digo QR o a trav\u00e9s del siguiente link:\u00a0<a href=\"https:\/\/forms.gle\/1ZqZuUXRuyCrox5f9\" target=\"_blank\" rel=\"noopener\">https:\/\/forms.gle\/1ZqZuUXRuyCrox5f9<\/a>\u00a0y abonar la primera cuota de $18.000, y se deber\u00e1 adjuntar la misma, en formato PDF, a la planilla de preinscripci\u00f3n.<\/p>\n<p class=\"texto\">Datos bancarios para transferencias\/dep\u00f3sitos:<br \/>\nUNIVERSIDAD NACIONAL DEL COMAHUE<br \/>\nCuenta Corriente CBU 19102380 55023800069796<br \/>\nBANCO CREDICOOP SUC. GENERAL ROCA<br \/>\nCUIT: 30-58676219-9 CTA. 238\/697\/9<\/p>\n<p class=\"texto\">Se estipula un cupo m\u00ednimo de 60 pre-inscriptos para iniciar el dictado de la carrera en el a\u00f1o 2022 y un cupo m\u00e1ximo de 100 pre-inscriptos.<br \/>\nModalidad de dictado: Virtual.<br \/>\nPuede acceder aqu\u00ed al CRONOGRAMA DE CURSADO de la carrera:\u00a0<a href=\"https:\/\/docs.google.com\/document\/d\/1I56nNmnbTm32ZSBCER5MVkbuXgG7ASOMHQCSggaBynk\/edit?fbclid=IwAR11jq-o9PqYVB0IyoHLe41XX_B9FJ-BSlealtbmL5Qts_OKIm2AsckTLPs\" target=\"_blank\" rel=\"noopener\">Documento cronograma<\/a><br \/>\nInicio de cursado: 8 de abril de 2.022<br \/>\nFinalizaci\u00f3n de cursado: 7 de diciembre de 2.022<br \/>\nEvaluaci\u00f3n final: 14 de diciembre de 2.022<\/p>\n<p class=\"texto\">Consultas:<br \/>\n<a href=\"mailto:procesalcivil.comahue.uba@gmail.com\">procesalcivil.comahue.uba@gmail.com<\/a><br \/>\n<a href=\"https:\/\/l.facebook.com\/l.php?u=http%3A%2F%2Fposgradofadecs.uncoma.edu.ar%2F%3Ffbclid%3DIwAR0VnjwOk0R2AOWFZMflylUhpAy0LYdSAryBQCR2fI6-gNOo-ZNTZ5Xrv3Y&amp;h=AT2pLAuDGeCGmcmDQt4yaLlDt3c5rBXaPA4y0LVZ6XywSyvrkBCdTfxdxUvhOINjzdQD1TT1K-IMXEE2wSx82FobEN8PSz4s1LBKKVP0-G_8NnZHrQaka3tqcrK34ptGwK-G&amp;__tn__=-UK-R&amp;c%5b0%5d=AT0MNRofu_5sJEZ2SuU6vbCaaNkasGFwVKaYCvB4VTaDk9ryolA3jqbLNinQwb8s9xr6LVWuda00e4wODpEFuWiFW0eiw4ChyygahMKwMwzUGsN3i-_nlP-LVkPn5WtzkOWm_u1_miKtKPgIKbRFRf2-QCzY6MHcQL5yeetGkQteyyQOaiOUB-ZayY6AhRIwlt_hUqXR\" target=\"_blank\" rel=\"noopener\">http:\/\/posgradofadecs.uncoma.edu.ar\/<\/a><\/p>\n","protected":false},"excerpt":{"rendered":"<p>El Departamento de posgrado informa que para el a\u00f1o lectivo 2.022 se dictar\u00e1 en la Facultad de Derecho y Ciencias Sociales de la Universidad Nacional del Comahue la Especializaci\u00f3n en Derecho Procesal Civil, cuya titulaci\u00f3n estar\u00e1 a cargo de la Universidad de Buenos Aires. La carrera de especializaci\u00f3n en Derecho Procesal Civil se encuentra acreditada [&hellip;]<\/p>\n","protected":false},"author":2,"featured_media":4338,"comment_status":"closed","ping_status":"closed","sticky":false,"template":"","format":"standard","meta":{"footnotes":""},"categories":[14,5],"tags":[],"class_list":["post-4337","post","type-post","status-publish","format-standard","has-post-thumbnail","hentry","category-14","category-notifadecs"],"_links":{"self":[{"href":"https:\/\/fadeweb.uncoma.edu.ar\/index.php\/wp-json\/wp\/v2\/posts\/4337","targetHints":{"allow":["GET"]}}],"collection":[{"href":"https:\/\/fadeweb.uncoma.edu.ar\/index.php\/wp-json\/wp\/v2\/posts"}],"about":[{"href":"https:\/\/fadeweb.uncoma.edu.ar\/index.php\/wp-json\/wp\/v2\/types\/post"}],"author":[{"embeddable":true,"href":"https:\/\/fadeweb.uncoma.edu.ar\/index.php\/wp-json\/wp\/v2\/users\/2"}],"replies":[{"embeddable":true,"href":"https:\/\/fadeweb.uncoma.edu.ar\/index.php\/wp-json\/wp\/v2\/comments?post=4337"}],"version-history":[{"count":0,"href":"https:\/\/fadeweb.uncoma.edu.ar\/index.php\/wp-json\/wp\/v2\/posts\/4337\/revisions"}],"wp:featuredmedia":[{"embeddable":true,"href":"https:\/\/fadeweb.uncoma.edu.ar\/index.php\/wp-json\/wp\/v2\/media\/4338"}],"wp:attachment":[{"href":"https:\/\/fadeweb.uncoma.edu.ar\/index.php\/wp-json\/wp\/v2\/media?parent=4337"}],"wp:term":[{"taxonomy":"category","embeddable":true,"href":"https:\/\/fadeweb.uncoma.edu.ar\/index.php\/wp-json\/wp\/v2\/categories?post=4337"},{"taxonomy":"post_tag","embeddable":true,"href":"https:\/\/fadeweb.uncoma.edu.ar\/index.php\/wp-json\/wp\/v2\/tags?post=4337"}],"curies":[{"name":"wp","href":"https:\/\/api.w.org\/{rel}","templated":true}]}}