{"id":4192,"date":"2022-03-23T16:41:04","date_gmt":"2022-03-23T16:41:04","guid":{"rendered":"http:\/\/web.fadecs.uncoma.edu.ar\/?p=4192"},"modified":"2022-03-23T16:41:04","modified_gmt":"2022-03-23T16:41:04","slug":"a-46-anos-del-golpe-civico-militar-de-1976-memoria-verdad-justicia","status":"publish","type":"post","link":"https:\/\/fadeweb.uncoma.edu.ar\/index.php\/2022\/03\/23\/a-46-anos-del-golpe-civico-militar-de-1976-memoria-verdad-justicia\/","title":{"rendered":"A 46 a\u00f1os del golpe c\u00edvico-militar de 1976 MEMORIA VERDAD JUSTICIA"},"content":{"rendered":"<p class=\"texto\"><img fetchpriority=\"high\" decoding=\"async\" class=\"aligncenter wp-image-4193 size-large\" src=\"https:\/\/fadeweb.uncoma.edu.ar\/wp-content\/uploads\/2022\/09\/24marzo-fadecs-1024x1024.jpg\" alt=\"\" width=\"800\" height=\"800\" srcset=\"https:\/\/fadeweb.uncoma.edu.ar\/wp-content\/uploads\/2022\/09\/24marzo-fadecs-1024x1024.jpg 1024w, https:\/\/fadeweb.uncoma.edu.ar\/wp-content\/uploads\/2022\/09\/24marzo-fadecs-300x300.jpg 300w, https:\/\/fadeweb.uncoma.edu.ar\/wp-content\/uploads\/2022\/09\/24marzo-fadecs-150x150.jpg 150w, https:\/\/fadeweb.uncoma.edu.ar\/wp-content\/uploads\/2022\/09\/24marzo-fadecs-768x768.jpg 768w, https:\/\/fadeweb.uncoma.edu.ar\/wp-content\/uploads\/2022\/09\/24marzo-fadecs.jpg 1280w\" sizes=\"(max-width: 800px) 100vw, 800px\" \/>En un mundo azotado por la violencia ejercida por los poderes hegem\u00f3nicos, en una Argentina acechada por proyectos neoliberales y entreguistas cobra sentido, m\u00e1s que nunca, recordar el 24 de Marzo de 1976 como el inicio de una dictadura que dejar\u00eda huellas imborrables en la sociedad argentina.<\/p>\n<p class=\"texto\">Es responsabilidad de todos los argentinos y argentinas, de todas las instituciones del Estado o de la sociedad civil, recordar los aciagos a\u00f1os de padecimientos de j\u00f3venes obreros y obreras, de les estudiantes, de mujeres y hombres que fueron cercenados en su libertad y en su vida, solo por pensar diferente y creer, en \u00faltima instancia, que un mundo mejor podr\u00eda ser concebido.<\/p>\n<p class=\"texto\">Hoy tenemos claro, ya, que no s\u00f3lo fue responsabilidad de los militares, sino que fue una estrategia consensuada y acordada con sectores privados, para restaurar el so\u00f1ado estado conservador y acallar esos intentos por logar una sociedad m\u00e1s justa.<br \/>\nEs responsabilidad de todes que aquello de \u201cNUNCA MAS\u201d sea una realidad, para quienes vivimos en este suelo Argentino.<\/p>\n","protected":false},"excerpt":{"rendered":"<p>En un mundo azotado por la violencia ejercida por los poderes hegem\u00f3nicos, en una Argentina acechada por proyectos neoliberales y entreguistas cobra sentido, m\u00e1s que nunca, recordar el 24 de Marzo de 1976 como el inicio de una dictadura que dejar\u00eda huellas imborrables en la sociedad argentina. Es responsabilidad de todos los argentinos y argentinas, [&hellip;]<\/p>\n","protected":false},"author":2,"featured_media":4193,"comment_status":"closed","ping_status":"closed","sticky":false,"template":"","format":"standard","meta":{"footnotes":""},"categories":[14,5],"tags":[],"class_list":["post-4192","post","type-post","status-publish","format-standard","has-post-thumbnail","hentry","category-14","category-notifadecs"],"_links":{"self":[{"href":"https:\/\/fadeweb.uncoma.edu.ar\/index.php\/wp-json\/wp\/v2\/posts\/4192","targetHints":{"allow":["GET"]}}],"collection":[{"href":"https:\/\/fadeweb.uncoma.edu.ar\/index.php\/wp-json\/wp\/v2\/posts"}],"about":[{"href":"https:\/\/fadeweb.uncoma.edu.ar\/index.php\/wp-json\/wp\/v2\/types\/post"}],"author":[{"embeddable":true,"href":"https:\/\/fadeweb.uncoma.edu.ar\/index.php\/wp-json\/wp\/v2\/users\/2"}],"replies":[{"embeddable":true,"href":"https:\/\/fadeweb.uncoma.edu.ar\/index.php\/wp-json\/wp\/v2\/comments?post=4192"}],"version-history":[{"count":0,"href":"https:\/\/fadeweb.uncoma.edu.ar\/index.php\/wp-json\/wp\/v2\/posts\/4192\/revisions"}],"wp:featuredmedia":[{"embeddable":true,"href":"https:\/\/fadeweb.uncoma.edu.ar\/index.php\/wp-json\/wp\/v2\/media\/4193"}],"wp:attachment":[{"href":"https:\/\/fadeweb.uncoma.edu.ar\/index.php\/wp-json\/wp\/v2\/media?parent=4192"}],"wp:term":[{"taxonomy":"category","embeddable":true,"href":"https:\/\/fadeweb.uncoma.edu.ar\/index.php\/wp-json\/wp\/v2\/categories?post=4192"},{"taxonomy":"post_tag","embeddable":true,"href":"https:\/\/fadeweb.uncoma.edu.ar\/index.php\/wp-json\/wp\/v2\/tags?post=4192"}],"curies":[{"name":"wp","href":"https:\/\/api.w.org\/{rel}","templated":true}]}}