{"id":4151,"date":"2022-04-01T16:06:23","date_gmt":"2022-04-01T16:06:23","guid":{"rendered":"http:\/\/web.fadecs.uncoma.edu.ar\/?p=4151"},"modified":"2022-04-01T16:06:23","modified_gmt":"2022-04-01T16:06:23","slug":"charla-sobre-huerta-agroecologica","status":"publish","type":"post","link":"https:\/\/fadeweb.uncoma.edu.ar\/index.php\/2022\/04\/01\/charla-sobre-huerta-agroecologica\/","title":{"rendered":"CHARLA SOBRE HUERTA AGROECOL\u00d3GICA"},"content":{"rendered":"<p class=\"texto\"><a href=\"https:\/\/www.instagram.com\/p\/CbsZGKSu9Ki\/\"><img fetchpriority=\"high\" decoding=\"async\" class=\"wp-image-4152 size-large aligncenter\" src=\"https:\/\/fadeweb.uncoma.edu.ar\/wp-content\/uploads\/2022\/09\/huerta3-fadecs-1024x1024.jpg\" alt=\"\" width=\"800\" height=\"800\" srcset=\"https:\/\/fadeweb.uncoma.edu.ar\/wp-content\/uploads\/2022\/09\/huerta3-fadecs-1024x1024.jpg 1024w, https:\/\/fadeweb.uncoma.edu.ar\/wp-content\/uploads\/2022\/09\/huerta3-fadecs-300x300.jpg 300w, https:\/\/fadeweb.uncoma.edu.ar\/wp-content\/uploads\/2022\/09\/huerta3-fadecs-150x150.jpg 150w, https:\/\/fadeweb.uncoma.edu.ar\/wp-content\/uploads\/2022\/09\/huerta3-fadecs-768x768.jpg 768w, https:\/\/fadeweb.uncoma.edu.ar\/wp-content\/uploads\/2022\/09\/huerta3-fadecs.jpg 1280w\" sizes=\"(max-width: 800px) 100vw, 800px\" \/><\/a>El \u00c1rea de H\u00e1bitos Saludables de la Secretar\u00eda de Extensi\u00f3n de la FADECS invita a la charla sobre Huerta Agroecol\u00f3gica, temporada oto\u00f1o-invierno, que se realizar\u00e1 el viernes 8 de abril a las 17 hs en la globa que se encuentra en el predio de la facultad, entrando por calle Mendoza.<\/p>\n<p class=\"texto\">El expositor ser\u00e1 el ingeniero agr\u00f3nomo Pablo Antonio V\u00e1squez (Jefe de Agencia INTA General Roca). La charla es gratuita y abierta a todo p\u00fablico.<\/p>\n<p class=\"texto\">Es organizada por H\u00e1bitos Saludables de la Secretar\u00eda de Extensi\u00f3n de la FADECS conjuntamente con el INTA. No se requiere inscripci\u00f3n previa.<\/p>\n","protected":false},"excerpt":{"rendered":"<p>El \u00c1rea de H\u00e1bitos Saludables de la Secretar\u00eda de Extensi\u00f3n de la FADECS invita a la charla sobre Huerta Agroecol\u00f3gica, temporada oto\u00f1o-invierno, que se realizar\u00e1 el viernes 8 de abril a las 17 hs en la globa que se encuentra en el predio de la facultad, entrando por calle Mendoza. El expositor ser\u00e1 el ingeniero [&hellip;]<\/p>\n","protected":false},"author":2,"featured_media":4152,"comment_status":"closed","ping_status":"closed","sticky":false,"template":"","format":"standard","meta":{"footnotes":""},"categories":[14,5],"tags":[],"class_list":["post-4151","post","type-post","status-publish","format-standard","has-post-thumbnail","hentry","category-14","category-notifadecs"],"_links":{"self":[{"href":"https:\/\/fadeweb.uncoma.edu.ar\/index.php\/wp-json\/wp\/v2\/posts\/4151","targetHints":{"allow":["GET"]}}],"collection":[{"href":"https:\/\/fadeweb.uncoma.edu.ar\/index.php\/wp-json\/wp\/v2\/posts"}],"about":[{"href":"https:\/\/fadeweb.uncoma.edu.ar\/index.php\/wp-json\/wp\/v2\/types\/post"}],"author":[{"embeddable":true,"href":"https:\/\/fadeweb.uncoma.edu.ar\/index.php\/wp-json\/wp\/v2\/users\/2"}],"replies":[{"embeddable":true,"href":"https:\/\/fadeweb.uncoma.edu.ar\/index.php\/wp-json\/wp\/v2\/comments?post=4151"}],"version-history":[{"count":0,"href":"https:\/\/fadeweb.uncoma.edu.ar\/index.php\/wp-json\/wp\/v2\/posts\/4151\/revisions"}],"wp:featuredmedia":[{"embeddable":true,"href":"https:\/\/fadeweb.uncoma.edu.ar\/index.php\/wp-json\/wp\/v2\/media\/4152"}],"wp:attachment":[{"href":"https:\/\/fadeweb.uncoma.edu.ar\/index.php\/wp-json\/wp\/v2\/media?parent=4151"}],"wp:term":[{"taxonomy":"category","embeddable":true,"href":"https:\/\/fadeweb.uncoma.edu.ar\/index.php\/wp-json\/wp\/v2\/categories?post=4151"},{"taxonomy":"post_tag","embeddable":true,"href":"https:\/\/fadeweb.uncoma.edu.ar\/index.php\/wp-json\/wp\/v2\/tags?post=4151"}],"curies":[{"name":"wp","href":"https:\/\/api.w.org\/{rel}","templated":true}]}}