{"id":4149,"date":"2022-04-01T16:04:59","date_gmt":"2022-04-01T16:04:59","guid":{"rendered":"http:\/\/web.fadecs.uncoma.edu.ar\/?p=4149"},"modified":"2022-04-01T16:04:59","modified_gmt":"2022-04-01T16:04:59","slug":"los-talleres-upami-empezaron-hoy-lunes-4-de-abril","status":"publish","type":"post","link":"https:\/\/fadeweb.uncoma.edu.ar\/index.php\/2022\/04\/01\/los-talleres-upami-empezaron-hoy-lunes-4-de-abril\/","title":{"rendered":"LOS TALLERES UPAMI EMPEZARON HOY, LUNES 4 DE ABRIL"},"content":{"rendered":"<p class=\"texto\"><img fetchpriority=\"high\" decoding=\"async\" class=\"aligncenter wp-image-4130 size-large\" src=\"https:\/\/fadeweb.uncoma.edu.ar\/wp-content\/uploads\/2022\/09\/upami-lista-fadecs-1024x1024.jpg\" alt=\"\" width=\"800\" height=\"800\" srcset=\"https:\/\/fadeweb.uncoma.edu.ar\/wp-content\/uploads\/2022\/09\/upami-lista-fadecs-1024x1024.jpg 1024w, https:\/\/fadeweb.uncoma.edu.ar\/wp-content\/uploads\/2022\/09\/upami-lista-fadecs-300x300.jpg 300w, https:\/\/fadeweb.uncoma.edu.ar\/wp-content\/uploads\/2022\/09\/upami-lista-fadecs-150x150.jpg 150w, https:\/\/fadeweb.uncoma.edu.ar\/wp-content\/uploads\/2022\/09\/upami-lista-fadecs-768x768.jpg 768w, https:\/\/fadeweb.uncoma.edu.ar\/wp-content\/uploads\/2022\/09\/upami-lista-fadecs.jpg 1280w\" sizes=\"(max-width: 800px) 100vw, 800px\" \/>La Secretar\u00eda de Extensi\u00f3n de la FADECS-UNCo informa que el lunes 4 de abril comenzaron el dictado de los talleres de UPAMI, los que ser\u00e1n de ma\u00f1ana y de tarde y de manera virtual. En el caso de los talleres mixtos, en la medida en que se vayan organizando los espacios, se ir\u00e1 retomando la presencialidad, siempre en funci\u00f3n de los protocolos vigentes. La oferta de talleres es la siguiente:<\/p>\n<p class=\"texto\"><strong>Taller Arquitectura, Patrimonio y Cultura <\/strong><br \/>\nLunes de 11 a 13.<br \/>\nModalidad: mixto<br \/>\nProfesor a cargo: Bruno Di Chiara<\/p>\n<p class=\"texto\"><strong>Taller Adultas Mayores <\/strong><br \/>\nLunes de 17 a 19.<br \/>\nModalidad mixto<br \/>\nProfesora a Cargo: Rosario Jim\u00e9nez<\/p>\n<p class=\"texto\"><strong>Taller Relaciones de Familia y Sucesiones <\/strong><br \/>\nMartes de 16 a 18hs.<br \/>\nModalidad: virtual<br \/>\nProfesora a Cargo: Sof\u00eda Szechenyi<\/p>\n<p class=\"texto\"><strong>Taller de Sociolog\u00eda <\/strong><br \/>\nMartes de 18 a 20.<br \/>\nModalidad: mixto.<br \/>\nProfesora a Cargo: Rosario Jim\u00e9nez<\/p>\n<p class=\"texto\"><strong>Taller de Inform\u00e1tica <\/strong><br \/>\nMi\u00e9rcoles de 10 a 12.<br \/>\nModalidad: virtual<br \/>\nProfesor a cargo: Francisco \u00c1lvarez<\/p>\n<p class=\"texto\"><strong>Taller de Huerta <\/strong><br \/>\nMi\u00e9rcoles de 16 a 18.<br \/>\nModalidad: mixta<br \/>\nProfesora a Cargo: Natalia Carolina P\u00e9rez<\/p>\n<p class=\"texto\"><strong>Taller Reabriendo Caminos&#8230; <\/strong><br \/>\nJueves de 16 a 18.<br \/>\nModalidad: mixta<br \/>\nProfesora a Cargo: Vanina Paschetta<\/p>\n<p class=\"texto\"><strong>Taller Contar la propia historia <\/strong><br \/>\nViernes de 10 a 12<br \/>\nModalidad: mixta.<br \/>\nProfesora a Cargo: Laura Marcoccia<\/p>\n<p class=\"texto\">Todos los talleres arrancar\u00e1n su cursado virtual. La inscripci\u00f3n se hace por la p\u00e1gina de PAMI (<a href=\"http:\/\/comunidad.pami.org.ar\">http:\/\/comunidad.pami.org.ar<\/a>). Por dudas y consultas comunicarse al mail <a href=\"mailto:upamifadecs@gmail.com\">upamifadecs@gmail.com<\/a> o al celular de la coordinadora 299 4640816.<\/p>\n","protected":false},"excerpt":{"rendered":"<p>La Secretar\u00eda de Extensi\u00f3n de la FADECS-UNCo informa que el lunes 4 de abril comenzaron el dictado de los talleres de UPAMI, los que ser\u00e1n de ma\u00f1ana y de tarde y de manera virtual. En el caso de los talleres mixtos, en la medida en que se vayan organizando los espacios, se ir\u00e1 retomando la [&hellip;]<\/p>\n","protected":false},"author":2,"featured_media":4130,"comment_status":"closed","ping_status":"closed","sticky":false,"template":"","format":"standard","meta":{"footnotes":""},"categories":[14,5],"tags":[],"class_list":["post-4149","post","type-post","status-publish","format-standard","has-post-thumbnail","hentry","category-14","category-notifadecs"],"_links":{"self":[{"href":"https:\/\/fadeweb.uncoma.edu.ar\/index.php\/wp-json\/wp\/v2\/posts\/4149","targetHints":{"allow":["GET"]}}],"collection":[{"href":"https:\/\/fadeweb.uncoma.edu.ar\/index.php\/wp-json\/wp\/v2\/posts"}],"about":[{"href":"https:\/\/fadeweb.uncoma.edu.ar\/index.php\/wp-json\/wp\/v2\/types\/post"}],"author":[{"embeddable":true,"href":"https:\/\/fadeweb.uncoma.edu.ar\/index.php\/wp-json\/wp\/v2\/users\/2"}],"replies":[{"embeddable":true,"href":"https:\/\/fadeweb.uncoma.edu.ar\/index.php\/wp-json\/wp\/v2\/comments?post=4149"}],"version-history":[{"count":0,"href":"https:\/\/fadeweb.uncoma.edu.ar\/index.php\/wp-json\/wp\/v2\/posts\/4149\/revisions"}],"wp:featuredmedia":[{"embeddable":true,"href":"https:\/\/fadeweb.uncoma.edu.ar\/index.php\/wp-json\/wp\/v2\/media\/4130"}],"wp:attachment":[{"href":"https:\/\/fadeweb.uncoma.edu.ar\/index.php\/wp-json\/wp\/v2\/media?parent=4149"}],"wp:term":[{"taxonomy":"category","embeddable":true,"href":"https:\/\/fadeweb.uncoma.edu.ar\/index.php\/wp-json\/wp\/v2\/categories?post=4149"},{"taxonomy":"post_tag","embeddable":true,"href":"https:\/\/fadeweb.uncoma.edu.ar\/index.php\/wp-json\/wp\/v2\/tags?post=4149"}],"curies":[{"name":"wp","href":"https:\/\/api.w.org\/{rel}","templated":true}]}}