{"id":29342,"date":"2026-09-04T12:44:08","date_gmt":"2026-09-04T15:44:08","guid":{"rendered":"https:\/\/fadeweb.uncoma.edu.ar\/?p=29342"},"modified":"2026-09-04T12:44:08","modified_gmt":"2026-09-04T15:44:08","slug":"estudiante-de-la-fadecs-suma-experiencia-y-se-consolida-en-el-periodismo","status":"publish","type":"post","link":"https:\/\/fadeweb.uncoma.edu.ar\/index.php\/2026\/09\/04\/estudiante-de-la-fadecs-suma-experiencia-y-se-consolida-en-el-periodismo\/","title":{"rendered":"ESTUDIANTE DE LA FADECS SUMA EXPERIENCIA Y SE CONSOLIDA EN EL PERIODISMO"},"content":{"rendered":"<p><img fetchpriority=\"high\" decoding=\"async\" class=\"alignnone wp-image-29343 size-large\" src=\"https:\/\/fadeweb.uncoma.edu.ar\/wp-content\/uploads\/2026\/09\/greta-ocana-682x1024.jpeg\" alt=\"ESTUDIANTE DE LA FADECS SUMA EXPERIENCIA Y SE CONSOLIDA EN EL PERIODISMO\" width=\"682\" height=\"1024\" srcset=\"https:\/\/fadeweb.uncoma.edu.ar\/wp-content\/uploads\/2026\/09\/greta-ocana-682x1024.jpeg 682w, https:\/\/fadeweb.uncoma.edu.ar\/wp-content\/uploads\/2026\/09\/greta-ocana-200x300.jpeg 200w, https:\/\/fadeweb.uncoma.edu.ar\/wp-content\/uploads\/2026\/09\/greta-ocana-768x1153.jpeg 768w, https:\/\/fadeweb.uncoma.edu.ar\/wp-content\/uploads\/2026\/09\/greta-ocana-1023x1536.jpeg 1023w, https:\/\/fadeweb.uncoma.edu.ar\/wp-content\/uploads\/2026\/09\/greta-ocana.jpeg 1066w\" sizes=\"(max-width: 682px) 100vw, 682px\" \/><\/p>\n<p>La estudiante de la Licenciatura en Comunicaci\u00f3n Social, Greta Oca\u00f1a, comenz\u00f3 su pasant\u00eda en el diario R\u00edo Negro en noviembre de 2025. Lo hizo con la expectativa de profundizar su aprendizaje dentro de una redacci\u00f3n, dado que su experiencia previa hab\u00eda sido mayormente en radio, primero como copresentadora en Antena Libre y luego como movilera en LU18 Radio El Valle.<\/p>\n<p>\u00abDesde el primer momento en que ingres\u00e9 a la carrera de Comunicaci\u00f3n Social, en 2022, mi anhelo era dedicarme a la escritura, y en ese sentido mi norte siempre fue el diario R\u00edo Negro. Una vez incorporada al medio escrito, esperaba conocer la din\u00e1mica interna de la redacci\u00f3n, adem\u00e1s de profundizar en temas que a veces el tiempo radial dificulta abordar\u00bb, se\u00f1al\u00f3.<\/p>\n<p>Su verdadero objetivo era quedar efectiva, confiando siempre en sus capacidades para obtener el puesto. Greta es consciente de la alta calidad de su formaci\u00f3n, desarrollada en una Universidad Nacional que cuenta con excelentes profesionales y capacita muy bien a sus comunicadores. Dicha meta se concretar\u00e1 el lunes 6 de septiembre, d\u00eda en que se sumar\u00e1 formalmente a la planta permanente.<\/p>\n<p>\u00abLa verdad es que mi familia recibi\u00f3 la noticia con enorme alegr\u00eda, pues entienden lo dif\u00edcil que resulta conseguir un empleo formal y estable en el contexto actual del pa\u00eds, m\u00e1s a\u00fan en el \u00e1rea de la comunicaci\u00f3n y el periodismo, caracterizada por la informalidad y la precarizaci\u00f3n laboral en muchos casos.<\/p>\n<p>\u00abAdem\u00e1s, valoran el esfuerzo que realic\u00e9 para obtener este trabajo mientras intentaba llevar la carrera al d\u00eda. Actualmente me quedan un final y la tesis para titularme. Asimismo, yo valoro el esfuerzo que hicieron mis padres al pagarme un alquiler durante los primeros a\u00f1os para que pudiera estudiar sin necesidad de viajar a diario desde Huergo hacia Roca\u00bb, expres\u00f3.<\/p>\n<p>A modo de invitaci\u00f3n a dar el primer paso a sus pares, aconsej\u00f3 \u00aba los chicos y chicas que duden en realizar la pasant\u00eda, les digo que se animen. Si les gusta su carrera y desean adquirir experiencia, ampliar su agenda de contactos y contenidos, les recomiendo aprovechar cada oportunidad que brinde la facultad (pasant\u00edas o ayudant\u00edas). Es el punto de partida para comenzar su trayectoria, perder el miedo a la exposici\u00f3n y hacer conocer su nombre.<\/p>\n<p>Asimismo, les brindar\u00e1 la experiencia de trabajar en el territorio, conocer diversas realidades sociales e institucionales y demostrar lo aprendido en las aulas, siendo \u00fatiles tanto para su comunidad como para la empresa u organismo p\u00fablico en el que se desempe\u00f1en\u00bb, concluy\u00f3.<\/p>\n","protected":false},"excerpt":{"rendered":"<p>La estudiante de la Licenciatura en Comunicaci\u00f3n Social, Greta Oca\u00f1a, comenz\u00f3 su pasant\u00eda en el diario R\u00edo Negro en noviembre de 2025. Lo hizo con la expectativa de profundizar su aprendizaje dentro de una redacci\u00f3n, dado que su experiencia previa hab\u00eda sido mayormente en radio, primero como copresentadora en Antena Libre y luego como movilera [&hellip;]<\/p>\n","protected":false},"author":4,"featured_media":29343,"comment_status":"closed","ping_status":"closed","sticky":false,"template":"","format":"standard","meta":{"footnotes":""},"categories":[5],"tags":[],"class_list":["post-29342","post","type-post","status-publish","format-standard","has-post-thumbnail","hentry","category-notifadecs"],"_links":{"self":[{"href":"https:\/\/fadeweb.uncoma.edu.ar\/index.php\/wp-json\/wp\/v2\/posts\/29342","targetHints":{"allow":["GET"]}}],"collection":[{"href":"https:\/\/fadeweb.uncoma.edu.ar\/index.php\/wp-json\/wp\/v2\/posts"}],"about":[{"href":"https:\/\/fadeweb.uncoma.edu.ar\/index.php\/wp-json\/wp\/v2\/types\/post"}],"author":[{"embeddable":true,"href":"https:\/\/fadeweb.uncoma.edu.ar\/index.php\/wp-json\/wp\/v2\/users\/4"}],"replies":[{"embeddable":true,"href":"https:\/\/fadeweb.uncoma.edu.ar\/index.php\/wp-json\/wp\/v2\/comments?post=29342"}],"version-history":[{"count":1,"href":"https:\/\/fadeweb.uncoma.edu.ar\/index.php\/wp-json\/wp\/v2\/posts\/29342\/revisions"}],"predecessor-version":[{"id":29344,"href":"https:\/\/fadeweb.uncoma.edu.ar\/index.php\/wp-json\/wp\/v2\/posts\/29342\/revisions\/29344"}],"wp:featuredmedia":[{"embeddable":true,"href":"https:\/\/fadeweb.uncoma.edu.ar\/index.php\/wp-json\/wp\/v2\/media\/29343"}],"wp:attachment":[{"href":"https:\/\/fadeweb.uncoma.edu.ar\/index.php\/wp-json\/wp\/v2\/media?parent=29342"}],"wp:term":[{"taxonomy":"category","embeddable":true,"href":"https:\/\/fadeweb.uncoma.edu.ar\/index.php\/wp-json\/wp\/v2\/categories?post=29342"},{"taxonomy":"post_tag","embeddable":true,"href":"https:\/\/fadeweb.uncoma.edu.ar\/index.php\/wp-json\/wp\/v2\/tags?post=29342"}],"curies":[{"name":"wp","href":"https:\/\/api.w.org\/{rel}","templated":true}]}}