{"id":29320,"date":"2026-09-04T11:17:36","date_gmt":"2026-09-04T14:17:36","guid":{"rendered":"https:\/\/fadeweb.uncoma.edu.ar\/?p=29320"},"modified":"2026-09-04T11:19:35","modified_gmt":"2026-09-04T14:19:35","slug":"fadecs-e-ipehcs-fortalecen-su-articulacion-institucional","status":"publish","type":"post","link":"https:\/\/fadeweb.uncoma.edu.ar\/index.php\/2026\/09\/04\/fadecs-e-ipehcs-fortalecen-su-articulacion-institucional\/","title":{"rendered":"FADECS-UNCo E IPEHCS FORTALECEN SU ARTICULACI\u00d3N INSTITUCIONAL"},"content":{"rendered":"<p><img fetchpriority=\"high\" decoding=\"async\" class=\"alignnone wp-image-29329\" src=\"https:\/\/fadeweb.uncoma.edu.ar\/wp-content\/uploads\/2026\/09\/FADECS-e-IPEHCS-2-300x171.jpg\" alt=\"FADECS E IPEHCS FORTALECEN SU ARTICULACI\u00d3N INSTITUCIONAL\" width=\"528\" height=\"300\" srcset=\"https:\/\/fadeweb.uncoma.edu.ar\/wp-content\/uploads\/2026\/09\/FADECS-e-IPEHCS-2-300x171.jpg 300w, https:\/\/fadeweb.uncoma.edu.ar\/wp-content\/uploads\/2026\/09\/FADECS-e-IPEHCS-2-1024x582.jpg 1024w, https:\/\/fadeweb.uncoma.edu.ar\/wp-content\/uploads\/2026\/09\/FADECS-e-IPEHCS-2-768x437.jpg 768w, https:\/\/fadeweb.uncoma.edu.ar\/wp-content\/uploads\/2026\/09\/FADECS-e-IPEHCS-2.jpg 1080w\" sizes=\"(max-width: 528px) 100vw, 528px\" \/> <img decoding=\"async\" class=\"alignnone wp-image-29330\" src=\"https:\/\/fadeweb.uncoma.edu.ar\/wp-content\/uploads\/2026\/09\/FADECS-e-IPEHCS-300x131.jpg\" alt=\"FADECS E IPEHCS FORTALECEN SU ARTICULACI\u00d3N INSTITUCIONAL\" width=\"686\" height=\"300\" srcset=\"https:\/\/fadeweb.uncoma.edu.ar\/wp-content\/uploads\/2026\/09\/FADECS-e-IPEHCS-300x131.jpg 300w, https:\/\/fadeweb.uncoma.edu.ar\/wp-content\/uploads\/2026\/09\/FADECS-e-IPEHCS-1024x448.jpg 1024w, https:\/\/fadeweb.uncoma.edu.ar\/wp-content\/uploads\/2026\/09\/FADECS-e-IPEHCS-768x336.jpg 768w, https:\/\/fadeweb.uncoma.edu.ar\/wp-content\/uploads\/2026\/09\/FADECS-e-IPEHCS.jpg 1080w\" sizes=\"(max-width: 686px) 100vw, 686px\" \/><\/p>\n<p>La Facultad de Derecho y Ciencias Sociales (FADECS-UNCo) y el Instituto Patag\u00f3nico de Estudios de Humanidades y Ciencias Sociales (IPEHCS-CONICET\/UNCo) formalizaron un acuerdo para el uso de un espacio de trabajo en la Biblioteca Ernesto S\u00e1bato.<\/p>\n<p>Participaron de la reuni\u00f3n el Dr. Juan Dukuen, Director del IPEHCS, la Dra. Anabel Beliera, Vicedirectora del Instituto, y el Dr. Julio Monasterio, Decano de la FADECS.<br \/>\nEl encuentro permiti\u00f3, adem\u00e1s, reafirmar la importancia de generar y sostener espacios para el desarrollo de las actividades de investigaci\u00f3n, y profundizar la articulaci\u00f3n entre ambas instituciones.<br \/>\nAsimismo, se acord\u00f3 mantener una comunicaci\u00f3n fluida para promover proyectos conjuntos, gestionar financiamiento y fortalecer los v\u00ednculos institucionales entre la FADECS, el IPEHCS y otras instituciones universitarias de la regi\u00f3n.<\/p>\n<p>Este viernes 4 de septiembre se instal\u00f3 el enlace de red para que el personal del instituto tenga una conectividad m\u00e1s fluida, de esta manera los investigadores y becarios (doctorales y posdoctorales) con asiento en Roca, dispondr\u00e1n de un ambiente m\u00e1s amigable para el desarrollo de sus actividades<\/p>\n","protected":false},"excerpt":{"rendered":"<p>La Facultad de Derecho y Ciencias Sociales (FADECS-UNCo) y el Instituto Patag\u00f3nico de Estudios de Humanidades y Ciencias Sociales (IPEHCS-CONICET\/UNCo) formalizaron un acuerdo para el uso de un espacio de trabajo en la Biblioteca Ernesto S\u00e1bato. Participaron de la reuni\u00f3n el Dr. Juan Dukuen, Director del IPEHCS, la Dra. Anabel Beliera, Vicedirectora del Instituto, y [&hellip;]<\/p>\n","protected":false},"author":4,"featured_media":29331,"comment_status":"closed","ping_status":"closed","sticky":false,"template":"","format":"standard","meta":{"footnotes":""},"categories":[5],"tags":[],"class_list":["post-29320","post","type-post","status-publish","format-standard","has-post-thumbnail","hentry","category-notifadecs"],"_links":{"self":[{"href":"https:\/\/fadeweb.uncoma.edu.ar\/index.php\/wp-json\/wp\/v2\/posts\/29320","targetHints":{"allow":["GET"]}}],"collection":[{"href":"https:\/\/fadeweb.uncoma.edu.ar\/index.php\/wp-json\/wp\/v2\/posts"}],"about":[{"href":"https:\/\/fadeweb.uncoma.edu.ar\/index.php\/wp-json\/wp\/v2\/types\/post"}],"author":[{"embeddable":true,"href":"https:\/\/fadeweb.uncoma.edu.ar\/index.php\/wp-json\/wp\/v2\/users\/4"}],"replies":[{"embeddable":true,"href":"https:\/\/fadeweb.uncoma.edu.ar\/index.php\/wp-json\/wp\/v2\/comments?post=29320"}],"version-history":[{"count":3,"href":"https:\/\/fadeweb.uncoma.edu.ar\/index.php\/wp-json\/wp\/v2\/posts\/29320\/revisions"}],"predecessor-version":[{"id":29334,"href":"https:\/\/fadeweb.uncoma.edu.ar\/index.php\/wp-json\/wp\/v2\/posts\/29320\/revisions\/29334"}],"wp:featuredmedia":[{"embeddable":true,"href":"https:\/\/fadeweb.uncoma.edu.ar\/index.php\/wp-json\/wp\/v2\/media\/29331"}],"wp:attachment":[{"href":"https:\/\/fadeweb.uncoma.edu.ar\/index.php\/wp-json\/wp\/v2\/media?parent=29320"}],"wp:term":[{"taxonomy":"category","embeddable":true,"href":"https:\/\/fadeweb.uncoma.edu.ar\/index.php\/wp-json\/wp\/v2\/categories?post=29320"},{"taxonomy":"post_tag","embeddable":true,"href":"https:\/\/fadeweb.uncoma.edu.ar\/index.php\/wp-json\/wp\/v2\/tags?post=29320"}],"curies":[{"name":"wp","href":"https:\/\/api.w.org\/{rel}","templated":true}]}}