{"id":29310,"date":"2026-09-04T09:34:53","date_gmt":"2026-09-04T12:34:53","guid":{"rendered":"https:\/\/fadeweb.uncoma.edu.ar\/?p=29310"},"modified":"2026-09-04T09:34:53","modified_gmt":"2026-09-04T12:34:53","slug":"septiembre-amarillo-hablar-tambien-es-prevenir","status":"publish","type":"post","link":"https:\/\/fadeweb.uncoma.edu.ar\/index.php\/2026\/09\/04\/septiembre-amarillo-hablar-tambien-es-prevenir\/","title":{"rendered":"SEPTIEMBRE AMARILLO | HABLAR TAMBI\u00c9N ES PREVENIR"},"content":{"rendered":"<p><img fetchpriority=\"high\" decoding=\"async\" class=\"alignnone wp-image-29311 size-large\" src=\"https:\/\/fadeweb.uncoma.edu.ar\/wp-content\/uploads\/2026\/09\/10-9-3-819x1024.jpg\" alt=\"SEPTIEMBRE AMARILLO | HABLAR TAMBI\u00c9N ES PREVENIR\" width=\"800\" height=\"1000\" srcset=\"https:\/\/fadeweb.uncoma.edu.ar\/wp-content\/uploads\/2026\/09\/10-9-3-819x1024.jpg 819w, https:\/\/fadeweb.uncoma.edu.ar\/wp-content\/uploads\/2026\/09\/10-9-3-240x300.jpg 240w, https:\/\/fadeweb.uncoma.edu.ar\/wp-content\/uploads\/2026\/09\/10-9-3-768x960.jpg 768w, https:\/\/fadeweb.uncoma.edu.ar\/wp-content\/uploads\/2026\/09\/10-9-3-1228x1536.jpg 1228w, https:\/\/fadeweb.uncoma.edu.ar\/wp-content\/uploads\/2026\/09\/10-9-3-1638x2048.jpg 1638w, https:\/\/fadeweb.uncoma.edu.ar\/wp-content\/uploads\/2026\/09\/10-9-3-scaled.jpg 2047w\" sizes=\"(max-width: 800px) 100vw, 800px\" \/><br class=\"html-br\" \/><br class=\"html-br\" \/>Cada 10 de septiembre se conmemora el D\u00eda Mundial para la Prevenci\u00f3n del Suicidio, una fecha impulsada a nivel internacional para generar conciencia, promover acciones de prevenci\u00f3n y favorecer conversaciones responsables en torno al suicidio y la salud mental.<br class=\"html-br\" \/><br class=\"html-br\" \/>Durante todo septiembre, el color amarillo se convierte en un s\u00edmbolo de esta causa y nos invita a poner en palabras una problem\u00e1tica que durante mucho tiempo estuvo atravesada por el silencio, el miedo y el estigma.<br class=\"html-br\" \/><br class=\"html-br\" \/><strong>\u00bfPOR QU\u00c9 EL COLOR AMARILLO?<\/strong><br class=\"html-br\" \/><br class=\"html-br\" \/>El uso del amarillo como s\u00edmbolo de la prevenci\u00f3n del suicidio tiene sus antecedentes en Estados Unidos, a partir de la iniciativa Yellow Ribbon, surgida en la d\u00e9cada de 1990 luego de la muerte por suicidio de un joven llamado Mike Emme.<br class=\"html-br\" \/><br class=\"html-br\" \/>El amarillo estaba especialmente asociado a \u00e9l y, luego de su muerte, familiares y amistades comenzaron a utilizar cintas de ese color acompa\u00f1adas de mensajes que alentaban a pedir ayuda. Con el tiempo, el lazo y el color amarillo se extendieron como s\u00edmbolos de concientizaci\u00f3n y prevenci\u00f3n del suicidio en distintos lugares del mundo.<br class=\"html-br\" \/><br class=\"html-br\" \/>Recuperar esta historia no implica romantizar el suicidio, sino poner el \u00e9nfasis en algo fundamental: ante el sufrimiento, pedir ayuda tiene que ser una posibilidad. Y como comunidad, necesitamos construir condiciones para que esa ayuda est\u00e9 disponible.<br class=\"html-br\" \/><br class=\"html-br\" \/>Hablar sobre suicidio de manera responsable no aumenta el riesgo ni \u201cda ideas\u201d. Por el contrario, poder hablar, escuchar sin juzgar y facilitar el acceso a redes de apoyo y atenci\u00f3n puede contribuir a la prevenci\u00f3n.<br class=\"html-br\" \/><br class=\"html-br\" \/>Desde la Secretar\u00eda de Bienestar Estudiantil de la Facultad de Derecho o Ciencias Sociales queremos aprovechar este mes para abrir un espacio de informaci\u00f3n y sensibilizaci\u00f3n. Durante septiembre vamos a compartir contenidos para revisar algunos mitos, reflexionar sobre el estigma y pensar qu\u00e9 podemos hacer, tambi\u00e9n desde las instituciones, para construir entornos de mayor cuidado.<br class=\"html-br\" \/><br class=\"html-br\" \/>&#8211; Prevenir tambi\u00e9n es escuchar.<br class=\"html-br\" \/>&#8211; Prevenir es tomar en serio el sufrimiento.<br class=\"html-br\" \/>&#8211; Prevenir es acompa\u00f1ar y facilitar el acceso a ayuda.<br class=\"html-br\" \/>&#8211; Prevenir es construir comunidad.<br class=\"html-br\" \/><br class=\"html-br\" \/>Si vos o alguien que conoc\u00e9s est\u00e1 atravesando una situaci\u00f3n de crisis o necesita ayuda, es importante buscar acompa\u00f1amiento.<br class=\"html-br\" \/><br class=\"html-br\" \/>Servicio de Salud Mental \u2013 Hospital Francisco L\u00f3pez Lima. Gelonch N\u00ba721 Podes acercarte las 24 horas por guardia.<br class=\"html-br\" \/><br class=\"html-br\" \/>L\u00ednea de asistencia y prevenci\u00f3n del suicidio: 0800-345-1435.<br class=\"html-br\" \/><br class=\"html-br\" \/>L\u00ednea gratuita de orientaci\u00f3n y apoyo ante situaciones de urgencia de salud mental en R\u00edo Negro: 0800-999-0091.<br class=\"html-br\" \/><br class=\"html-br\" \/>Secretar\u00eda de Bienestar Estudiantil \u2013 FADECS-UNCo.<br class=\"html-br\" \/>WhatsApp: 298 4226274<br class=\"html-br\" \/>Correo: <a href=\"mailto:bienestarestudiantil@fade.uncoma.edu.ar\">bienestarestudiantil@fade.uncoma.edu.ar<\/a><br class=\"html-br\" \/><br class=\"html-br\" \/>Ante una situaci\u00f3n de riesgo inmediato, acercate a una guardia de salud o comunicate con el servicio de emergencias 911.<\/p>\n","protected":false},"excerpt":{"rendered":"<p>Cada 10 de septiembre se conmemora el D\u00eda Mundial para la Prevenci\u00f3n del Suicidio, una fecha impulsada a nivel internacional para generar conciencia, promover acciones de prevenci\u00f3n y favorecer conversaciones responsables en torno al suicidio y la salud mental.Durante todo septiembre, el color amarillo se convierte en un s\u00edmbolo de esta causa y nos invita [&hellip;]<\/p>\n","protected":false},"author":4,"featured_media":29311,"comment_status":"closed","ping_status":"closed","sticky":false,"template":"","format":"standard","meta":{"footnotes":""},"categories":[61,5],"tags":[],"class_list":["post-29310","post","type-post","status-publish","format-standard","has-post-thumbnail","hentry","category-bienestar","category-notifadecs"],"_links":{"self":[{"href":"https:\/\/fadeweb.uncoma.edu.ar\/index.php\/wp-json\/wp\/v2\/posts\/29310","targetHints":{"allow":["GET"]}}],"collection":[{"href":"https:\/\/fadeweb.uncoma.edu.ar\/index.php\/wp-json\/wp\/v2\/posts"}],"about":[{"href":"https:\/\/fadeweb.uncoma.edu.ar\/index.php\/wp-json\/wp\/v2\/types\/post"}],"author":[{"embeddable":true,"href":"https:\/\/fadeweb.uncoma.edu.ar\/index.php\/wp-json\/wp\/v2\/users\/4"}],"replies":[{"embeddable":true,"href":"https:\/\/fadeweb.uncoma.edu.ar\/index.php\/wp-json\/wp\/v2\/comments?post=29310"}],"version-history":[{"count":1,"href":"https:\/\/fadeweb.uncoma.edu.ar\/index.php\/wp-json\/wp\/v2\/posts\/29310\/revisions"}],"predecessor-version":[{"id":29312,"href":"https:\/\/fadeweb.uncoma.edu.ar\/index.php\/wp-json\/wp\/v2\/posts\/29310\/revisions\/29312"}],"wp:featuredmedia":[{"embeddable":true,"href":"https:\/\/fadeweb.uncoma.edu.ar\/index.php\/wp-json\/wp\/v2\/media\/29311"}],"wp:attachment":[{"href":"https:\/\/fadeweb.uncoma.edu.ar\/index.php\/wp-json\/wp\/v2\/media?parent=29310"}],"wp:term":[{"taxonomy":"category","embeddable":true,"href":"https:\/\/fadeweb.uncoma.edu.ar\/index.php\/wp-json\/wp\/v2\/categories?post=29310"},{"taxonomy":"post_tag","embeddable":true,"href":"https:\/\/fadeweb.uncoma.edu.ar\/index.php\/wp-json\/wp\/v2\/tags?post=29310"}],"curies":[{"name":"wp","href":"https:\/\/api.w.org\/{rel}","templated":true}]}}