{"id":29299,"date":"2026-09-04T09:18:43","date_gmt":"2026-09-04T12:18:43","guid":{"rendered":"https:\/\/fadeweb.uncoma.edu.ar\/?p=29299"},"modified":"2026-09-04T09:18:43","modified_gmt":"2026-09-04T12:18:43","slug":"convocatoria-a-pasantia-en-diario-rio-negro-2025-3","status":"publish","type":"post","link":"https:\/\/fadeweb.uncoma.edu.ar\/index.php\/2026\/09\/04\/convocatoria-a-pasantia-en-diario-rio-negro-2025-3\/","title":{"rendered":"CONVOCATORIA A PASANT\u00cdA EN DIARIO R\u00cdO NEGRO 2025"},"content":{"rendered":"<h2><img fetchpriority=\"high\" decoding=\"async\" class=\"alignnone wp-image-29300 size-large\" src=\"https:\/\/fadeweb.uncoma.edu.ar\/wp-content\/uploads\/2026\/09\/pasantias-rio-negro-2026-819x1024.jpg\" alt=\"CONVOCATORIA A PASANT\u00cdA EN DIARIO R\u00cdO NEGRO 2025\" width=\"800\" height=\"1000\" srcset=\"https:\/\/fadeweb.uncoma.edu.ar\/wp-content\/uploads\/2026\/09\/pasantias-rio-negro-2026-819x1024.jpg 819w, https:\/\/fadeweb.uncoma.edu.ar\/wp-content\/uploads\/2026\/09\/pasantias-rio-negro-2026-240x300.jpg 240w, https:\/\/fadeweb.uncoma.edu.ar\/wp-content\/uploads\/2026\/09\/pasantias-rio-negro-2026-768x960.jpg 768w, https:\/\/fadeweb.uncoma.edu.ar\/wp-content\/uploads\/2026\/09\/pasantias-rio-negro-2026-1229x1536.jpg 1229w, https:\/\/fadeweb.uncoma.edu.ar\/wp-content\/uploads\/2026\/09\/pasantias-rio-negro-2026-1639x2048.jpg 1639w\" sizes=\"(max-width: 800px) 100vw, 800px\" \/><\/h2>\n<p>La Secretar\u00eda de Extensi\u00f3n de la FADECS convoca a estudiantes de la carrera Licenciatura en Comunicaci\u00f3n Social, a fin de realizar una pasant\u00eda en el diario R\u00edo Negro, para las Agencias de General Roca y Neuqu\u00e9n.<\/p>\n<p><strong>Inscripciones:<\/strong> desde el jueves 3\/9 al lunes 14\/9.<\/p>\n<h3>DETALLES DE LA PASANT\u00cdA<\/h3>\n<ul role=\"list\">\n<li><strong>Carga horaria:<\/strong> 4 horas diarias<\/li>\n<li><strong>Lugar:<\/strong> Agencias de General Roca y Neuqu\u00e9n<\/li>\n<li><strong>Tareas:<\/strong>\n<ul role=\"list\">\n<li>Redactar notas period\u00edsticas, cr\u00f3nicas y art\u00edculos sobre hechos de actualidad.<\/li>\n<li>Realizar entrevistas, coberturas en el lugar de los hechos y b\u00fasqueda de fuentes confiables.<\/li>\n<li>Investigar y verificar informaci\u00f3n para el desarrollo de contenidos informativos.<\/li>\n<li>Colaborar con los dise\u00f1adores y fot\u00f3grafos para la creaci\u00f3n de historias multiplataforma.<\/li>\n<li>Adaptar los contenidos period\u00edsticos para su publicaci\u00f3n en papel impreso, el sitio web y redes sociales.<\/li>\n<\/ul>\n<\/li>\n<li><strong>Objetivo del puesto:<\/strong> Apoyar al equipo de redacci\u00f3n digital en la generaci\u00f3n de contenido informativo riguroso, atractivo y de alto impacto para la edici\u00f3n impresa, nuestra web y redes sociales.<\/li>\n<li><strong>Perfil requerido:<\/strong> Se valorar\u00e1 especialmente un\/a estudiante proactivo\/a, con excelente ortograf\u00eda y redacci\u00f3n, buenas habilidades comunicacionales, capacidad de organizaci\u00f3n y orientaci\u00f3n al trabajo en equipo.<\/li>\n<\/ul>\n<h3>REQUISITOS PARA LA REALIZACI\u00d3N DE LAS PASANT\u00cdAS<\/h3>\n<ul role=\"list\">\n<li>Ser alumna\/o regular de la carrera Licenciatura en Comunicaci\u00f3n Social de la Facultad de Derecho y Ciencias Sociales, y deber\u00e1n tener aprobadas\/cursadas las siguientes materias:\n<ul role=\"list\">\n<li><strong>Aprobadas:<\/strong> Redacci\u00f3n Period\u00edstica I y Redacci\u00f3n Period\u00edstica II<\/li>\n<li><strong>Cursada:<\/strong> Periodismo Digital<\/li>\n<\/ul>\n<\/li>\n<\/ul>\n<h3>DOCUMENTACI\u00d3N A PRESENTAR<\/h3>\n<ul role=\"list\">\n<li>Curriculum Vitae<\/li>\n<li>Fotocopia del DNI del\/la Estudiante<\/li>\n<li>Constancia de Cuil<\/li>\n<li>Certificado de Regularidad Universitaria<\/li>\n<li>Rendimiento Acad\u00e9mico<\/li>\n<\/ul>\n<p><strong>Formulario de inscripci\u00f3n:<\/strong> <a href=\"https:\/\/forms.gle\/iFB1p8YVo6Zq42J29\">https:\/\/forms.gle\/iFB1p8YVo6Zq42J29<\/a><\/p>\n<p><strong>Consultas e inscripciones:<\/strong> <a href=\"mailto:secretaria.extension@fade.uncoma.edu.ar\">secretaria.extension@fade.uncoma.edu.ar<\/a><\/p>\n","protected":false},"excerpt":{"rendered":"<p>La Secretar\u00eda de Extensi\u00f3n de la FADECS convoca a estudiantes de la carrera Licenciatura en Comunicaci\u00f3n Social, a fin de realizar una pasant\u00eda en el diario R\u00edo Negro, para las Agencias de General Roca y Neuqu\u00e9n. Inscripciones: desde el jueves 3\/9 al lunes 14\/9. DETALLES DE LA PASANT\u00cdA Carga horaria: 4 horas diarias Lugar: Agencias [&hellip;]<\/p>\n","protected":false},"author":4,"featured_media":29300,"comment_status":"closed","ping_status":"closed","sticky":false,"template":"","format":"standard","meta":{"footnotes":""},"categories":[5,64],"tags":[],"class_list":["post-29299","post","type-post","status-publish","format-standard","has-post-thumbnail","hentry","category-notifadecs","category-pasantias-2"],"_links":{"self":[{"href":"https:\/\/fadeweb.uncoma.edu.ar\/index.php\/wp-json\/wp\/v2\/posts\/29299","targetHints":{"allow":["GET"]}}],"collection":[{"href":"https:\/\/fadeweb.uncoma.edu.ar\/index.php\/wp-json\/wp\/v2\/posts"}],"about":[{"href":"https:\/\/fadeweb.uncoma.edu.ar\/index.php\/wp-json\/wp\/v2\/types\/post"}],"author":[{"embeddable":true,"href":"https:\/\/fadeweb.uncoma.edu.ar\/index.php\/wp-json\/wp\/v2\/users\/4"}],"replies":[{"embeddable":true,"href":"https:\/\/fadeweb.uncoma.edu.ar\/index.php\/wp-json\/wp\/v2\/comments?post=29299"}],"version-history":[{"count":1,"href":"https:\/\/fadeweb.uncoma.edu.ar\/index.php\/wp-json\/wp\/v2\/posts\/29299\/revisions"}],"predecessor-version":[{"id":29301,"href":"https:\/\/fadeweb.uncoma.edu.ar\/index.php\/wp-json\/wp\/v2\/posts\/29299\/revisions\/29301"}],"wp:featuredmedia":[{"embeddable":true,"href":"https:\/\/fadeweb.uncoma.edu.ar\/index.php\/wp-json\/wp\/v2\/media\/29300"}],"wp:attachment":[{"href":"https:\/\/fadeweb.uncoma.edu.ar\/index.php\/wp-json\/wp\/v2\/media?parent=29299"}],"wp:term":[{"taxonomy":"category","embeddable":true,"href":"https:\/\/fadeweb.uncoma.edu.ar\/index.php\/wp-json\/wp\/v2\/categories?post=29299"},{"taxonomy":"post_tag","embeddable":true,"href":"https:\/\/fadeweb.uncoma.edu.ar\/index.php\/wp-json\/wp\/v2\/tags?post=29299"}],"curies":[{"name":"wp","href":"https:\/\/api.w.org\/{rel}","templated":true}]}}