{"id":29296,"date":"2026-09-04T09:13:11","date_gmt":"2026-09-04T12:13:11","guid":{"rendered":"https:\/\/fadeweb.uncoma.edu.ar\/?p=29296"},"modified":"2026-09-04T09:13:11","modified_gmt":"2026-09-04T12:13:11","slug":"discusiones-preliminares-en-vias-a-narrar-la-crisis","status":"publish","type":"post","link":"https:\/\/fadeweb.uncoma.edu.ar\/index.php\/2026\/09\/04\/discusiones-preliminares-en-vias-a-narrar-la-crisis\/","title":{"rendered":"DISCUSIONES PRELIMINARES EN V\u00cdAS A NARRAR LA CRISIS"},"content":{"rendered":"<p><img fetchpriority=\"high\" decoding=\"async\" class=\"alignnone wp-image-29297 size-large\" src=\"https:\/\/fadeweb.uncoma.edu.ar\/wp-content\/uploads\/2026\/09\/crisis-819x1024.jpeg\" alt=\"DISCUSIONES PRELIMINARES EN V\u00cdAS A NARRAR LA CRISIS\n\" width=\"800\" height=\"1000\" srcset=\"https:\/\/fadeweb.uncoma.edu.ar\/wp-content\/uploads\/2026\/09\/crisis-819x1024.jpeg 819w, https:\/\/fadeweb.uncoma.edu.ar\/wp-content\/uploads\/2026\/09\/crisis-240x300.jpeg 240w, https:\/\/fadeweb.uncoma.edu.ar\/wp-content\/uploads\/2026\/09\/crisis-768x960.jpeg 768w, https:\/\/fadeweb.uncoma.edu.ar\/wp-content\/uploads\/2026\/09\/crisis.jpeg 1080w\" sizes=\"(max-width: 800px) 100vw, 800px\" \/><br \/>\nEl equipo de investigaci\u00f3n 04D138, dirigido por la Dra. Valeria Belmonte y co-dirigido por la Dra. Julieta Sartino, (L\u00edmites y Alcances de narrativas posoccidentales ante el embate neoliberal. Un abordaje pluriversal en clave transicional), dependiente del Centro de Estudios en Pensamiento Pol\u00edtico, Decolonialidad e Interculturalidad (CEAPEDI) de la Universidad Nacional del Comahue, invita a la comunidad acad\u00e9mica de la FADECS y al p\u00fablico en general a este espacio de intercambio.<\/p>\n<p>El encuentro ser\u00e1 el martes 8 de septiembre, de 17 a 20, en el aula 11 de la Facultad de Derecho y Ciencias Sociales (FADECS &#8211; UNCo).<\/p>\n<p>El espacio busca propiciar un intercambio preliminar de ideas y reflexiones cr\u00edticas de cara a la realizaci\u00f3n de la III Edici\u00f3n de las Jornadas \u00abNarrar la crisis en tiempos de devastaci\u00f3n\u00bb, programada para el a\u00f1o 2027.<\/p>\n","protected":false},"excerpt":{"rendered":"<p>El equipo de investigaci\u00f3n 04D138, dirigido por la Dra. Valeria Belmonte y co-dirigido por la Dra. Julieta Sartino, (L\u00edmites y Alcances de narrativas posoccidentales ante el embate neoliberal. Un abordaje pluriversal en clave transicional), dependiente del Centro de Estudios en Pensamiento Pol\u00edtico, Decolonialidad e Interculturalidad (CEAPEDI) de la Universidad Nacional del Comahue, invita a la [&hellip;]<\/p>\n","protected":false},"author":4,"featured_media":29297,"comment_status":"closed","ping_status":"closed","sticky":false,"template":"","format":"standard","meta":{"footnotes":""},"categories":[5],"tags":[],"class_list":["post-29296","post","type-post","status-publish","format-standard","has-post-thumbnail","hentry","category-notifadecs"],"_links":{"self":[{"href":"https:\/\/fadeweb.uncoma.edu.ar\/index.php\/wp-json\/wp\/v2\/posts\/29296","targetHints":{"allow":["GET"]}}],"collection":[{"href":"https:\/\/fadeweb.uncoma.edu.ar\/index.php\/wp-json\/wp\/v2\/posts"}],"about":[{"href":"https:\/\/fadeweb.uncoma.edu.ar\/index.php\/wp-json\/wp\/v2\/types\/post"}],"author":[{"embeddable":true,"href":"https:\/\/fadeweb.uncoma.edu.ar\/index.php\/wp-json\/wp\/v2\/users\/4"}],"replies":[{"embeddable":true,"href":"https:\/\/fadeweb.uncoma.edu.ar\/index.php\/wp-json\/wp\/v2\/comments?post=29296"}],"version-history":[{"count":1,"href":"https:\/\/fadeweb.uncoma.edu.ar\/index.php\/wp-json\/wp\/v2\/posts\/29296\/revisions"}],"predecessor-version":[{"id":29298,"href":"https:\/\/fadeweb.uncoma.edu.ar\/index.php\/wp-json\/wp\/v2\/posts\/29296\/revisions\/29298"}],"wp:featuredmedia":[{"embeddable":true,"href":"https:\/\/fadeweb.uncoma.edu.ar\/index.php\/wp-json\/wp\/v2\/media\/29297"}],"wp:attachment":[{"href":"https:\/\/fadeweb.uncoma.edu.ar\/index.php\/wp-json\/wp\/v2\/media?parent=29296"}],"wp:term":[{"taxonomy":"category","embeddable":true,"href":"https:\/\/fadeweb.uncoma.edu.ar\/index.php\/wp-json\/wp\/v2\/categories?post=29296"},{"taxonomy":"post_tag","embeddable":true,"href":"https:\/\/fadeweb.uncoma.edu.ar\/index.php\/wp-json\/wp\/v2\/tags?post=29296"}],"curies":[{"name":"wp","href":"https:\/\/api.w.org\/{rel}","templated":true}]}}