{"id":29286,"date":"2026-09-04T09:03:39","date_gmt":"2026-09-04T12:03:39","guid":{"rendered":"https:\/\/fadeweb.uncoma.edu.ar\/?p=29286"},"modified":"2026-09-04T09:03:39","modified_gmt":"2026-09-04T12:03:39","slug":"construyendo-la-libertad-dialogo-e-intercambio-sobre-la-vida-tras-el-encierro","status":"publish","type":"post","link":"https:\/\/fadeweb.uncoma.edu.ar\/index.php\/2026\/09\/04\/construyendo-la-libertad-dialogo-e-intercambio-sobre-la-vida-tras-el-encierro\/","title":{"rendered":"CONSTRUYENDO LA LIBERTAD | DI\u00c1LOGO E INTERCAMBIO SOBRE LA VIDA TRAS EL ENCIERRO"},"content":{"rendered":"<p><img fetchpriority=\"high\" decoding=\"async\" class=\"alignnone size-medium wp-image-29287\" src=\"https:\/\/fadeweb.uncoma.edu.ar\/wp-content\/uploads\/2026\/09\/Construyendo-la-libertad-240x300.jpg\" alt=\"CONSTRUYENDO LA LIBERTAD | DI\u00c1LOGO E INTERCAMBIO SOBRE LA VIDA TRAS EL ENCIERRO\n\" width=\"240\" height=\"300\" srcset=\"https:\/\/fadeweb.uncoma.edu.ar\/wp-content\/uploads\/2026\/09\/Construyendo-la-libertad-240x300.jpg 240w, https:\/\/fadeweb.uncoma.edu.ar\/wp-content\/uploads\/2026\/09\/Construyendo-la-libertad-819x1024.jpg 819w, https:\/\/fadeweb.uncoma.edu.ar\/wp-content\/uploads\/2026\/09\/Construyendo-la-libertad-768x960.jpg 768w, https:\/\/fadeweb.uncoma.edu.ar\/wp-content\/uploads\/2026\/09\/Construyendo-la-libertad-1228x1536.jpg 1228w, https:\/\/fadeweb.uncoma.edu.ar\/wp-content\/uploads\/2026\/09\/Construyendo-la-libertad-1638x2048.jpg 1638w, https:\/\/fadeweb.uncoma.edu.ar\/wp-content\/uploads\/2026\/09\/Construyendo-la-libertad-scaled.jpg 2047w\" sizes=\"(max-width: 240px) 100vw, 240px\" \/><\/p>\n<p>El Conversatorio \u00abConstruyendo la libertad: la vida despu\u00e9s del encierro\u00bb se llevar\u00e1 a cabo el <strong>mi\u00e9rcoles 9 de septiembre a las 16 en el aula 34 de la FADECS-UNC<\/strong>o. La actividad es organizada por el Proyecto de Extensi\u00f3n \u00abViolencias estructurales en territorios y contextos locales: di\u00e1logos interdisciplinarios y saberes situados\u00bb. Est\u00e1 dirigida al p\u00fablico en general y se entregar\u00e1n certificados de asistencia.<\/p>\n<p>El encuentro contar\u00e1 con la participaci\u00f3n de personas que recuperaron su libertad, adem\u00e1s del Observatorio de Derechos Humanos de R\u00edo Negro y el Observatorio de Pol\u00edticas P\u00fablicas para Personas Mayores.<\/p>\n<p>Los organizadores invitan a la comunidad a abrir el di\u00e1logo y reflexionar sobre la vida tras el encierro punitivo, a partir de experiencias narradas en primera persona. El objetivo de la jornada es debatir y acompa\u00f1ar las estrategias colectivas desarrolladas en nuestros territorios locales.<\/p>\n","protected":false},"excerpt":{"rendered":"<p>El Conversatorio \u00abConstruyendo la libertad: la vida despu\u00e9s del encierro\u00bb se llevar\u00e1 a cabo el mi\u00e9rcoles 9 de septiembre a las 16 en el aula 34 de la FADECS-UNCo. La actividad es organizada por el Proyecto de Extensi\u00f3n \u00abViolencias estructurales en territorios y contextos locales: di\u00e1logos interdisciplinarios y saberes situados\u00bb. Est\u00e1 dirigida al p\u00fablico en [&hellip;]<\/p>\n","protected":false},"author":4,"featured_media":29287,"comment_status":"closed","ping_status":"closed","sticky":false,"template":"","format":"standard","meta":{"footnotes":""},"categories":[5],"tags":[],"class_list":["post-29286","post","type-post","status-publish","format-standard","has-post-thumbnail","hentry","category-notifadecs"],"_links":{"self":[{"href":"https:\/\/fadeweb.uncoma.edu.ar\/index.php\/wp-json\/wp\/v2\/posts\/29286","targetHints":{"allow":["GET"]}}],"collection":[{"href":"https:\/\/fadeweb.uncoma.edu.ar\/index.php\/wp-json\/wp\/v2\/posts"}],"about":[{"href":"https:\/\/fadeweb.uncoma.edu.ar\/index.php\/wp-json\/wp\/v2\/types\/post"}],"author":[{"embeddable":true,"href":"https:\/\/fadeweb.uncoma.edu.ar\/index.php\/wp-json\/wp\/v2\/users\/4"}],"replies":[{"embeddable":true,"href":"https:\/\/fadeweb.uncoma.edu.ar\/index.php\/wp-json\/wp\/v2\/comments?post=29286"}],"version-history":[{"count":1,"href":"https:\/\/fadeweb.uncoma.edu.ar\/index.php\/wp-json\/wp\/v2\/posts\/29286\/revisions"}],"predecessor-version":[{"id":29288,"href":"https:\/\/fadeweb.uncoma.edu.ar\/index.php\/wp-json\/wp\/v2\/posts\/29286\/revisions\/29288"}],"wp:featuredmedia":[{"embeddable":true,"href":"https:\/\/fadeweb.uncoma.edu.ar\/index.php\/wp-json\/wp\/v2\/media\/29287"}],"wp:attachment":[{"href":"https:\/\/fadeweb.uncoma.edu.ar\/index.php\/wp-json\/wp\/v2\/media?parent=29286"}],"wp:term":[{"taxonomy":"category","embeddable":true,"href":"https:\/\/fadeweb.uncoma.edu.ar\/index.php\/wp-json\/wp\/v2\/categories?post=29286"},{"taxonomy":"post_tag","embeddable":true,"href":"https:\/\/fadeweb.uncoma.edu.ar\/index.php\/wp-json\/wp\/v2\/tags?post=29286"}],"curies":[{"name":"wp","href":"https:\/\/api.w.org\/{rel}","templated":true}]}}