{"id":2925,"date":"2014-11-04T15:44:22","date_gmt":"2014-11-04T15:44:22","guid":{"rendered":"http:\/\/web.fadecs.uncoma.edu.ar\/?p=2925"},"modified":"2014-11-04T15:44:22","modified_gmt":"2014-11-04T15:44:22","slug":"apuesta-a-la-devolucion-creativa-en-la-apertura-de-las-iii-jornadas-de-investigacion","status":"publish","type":"post","link":"https:\/\/fadeweb.uncoma.edu.ar\/index.php\/2014\/11\/04\/apuesta-a-la-devolucion-creativa-en-la-apertura-de-las-iii-jornadas-de-investigacion\/","title":{"rendered":"APUESTA A LA DEVOLUCI\u00d3N CREATIVA EN LA APERTURA DE LAS III JORNADAS DE INVESTIGACI\u00d3N"},"content":{"rendered":"<p><img fetchpriority=\"high\" decoding=\"async\" class=\"size-medium wp-image-2926 alignright\" src=\"https:\/\/fadeweb.uncoma.edu.ar\/wp-content\/uploads\/2022\/09\/DSC_0895-300x200.jpg\" alt=\"\" width=\"300\" height=\"200\" srcset=\"https:\/\/fadeweb.uncoma.edu.ar\/wp-content\/uploads\/2022\/09\/DSC_0895-300x200.jpg 300w, https:\/\/fadeweb.uncoma.edu.ar\/wp-content\/uploads\/2022\/09\/DSC_0895-768x513.jpg 768w, https:\/\/fadeweb.uncoma.edu.ar\/wp-content\/uploads\/2022\/09\/DSC_0895.jpg 800w\" sizes=\"(max-width: 300px) 100vw, 300px\" \/> <img decoding=\"async\" class=\"size-medium wp-image-2927 alignright\" src=\"https:\/\/fadeweb.uncoma.edu.ar\/wp-content\/uploads\/2022\/09\/DSC_0812-300x200.jpg\" alt=\"\" width=\"300\" height=\"200\" srcset=\"https:\/\/fadeweb.uncoma.edu.ar\/wp-content\/uploads\/2022\/09\/DSC_0812-300x200.jpg 300w, https:\/\/fadeweb.uncoma.edu.ar\/wp-content\/uploads\/2022\/09\/DSC_0812-768x513.jpg 768w, https:\/\/fadeweb.uncoma.edu.ar\/wp-content\/uploads\/2022\/09\/DSC_0812.jpg 800w\" sizes=\"(max-width: 300px) 100vw, 300px\" \/> <img decoding=\"async\" class=\"alignright wp-image-2929 size-medium\" src=\"https:\/\/fadeweb.uncoma.edu.ar\/wp-content\/uploads\/2022\/09\/DSC_0809-copia-300x200.jpg\" alt=\"\" width=\"300\" height=\"200\" srcset=\"https:\/\/fadeweb.uncoma.edu.ar\/wp-content\/uploads\/2022\/09\/DSC_0809-copia-300x200.jpg 300w, https:\/\/fadeweb.uncoma.edu.ar\/wp-content\/uploads\/2022\/09\/DSC_0809-copia.jpg 410w\" sizes=\"(max-width: 300px) 100vw, 300px\" \/>En la apertura de las jornadas se destac\u00f3 la posibilidad de hacer conocer y compartir las ideas y los aportes de todo lo que se est\u00e1 produciendo en la Universidad Nacional del Comahue. El docente e investigador Fabi\u00e1n Bergero adelant\u00f3 que se pondr\u00e1n en escena 32 ponencias en siete mesas, durante dos d\u00edas, hoy hasta las 20 h, y ma\u00f1ana mi\u00e9rcoles de 9.00 a 20.00 h.<\/p>\n<p>Los docentes e investigadores\/as que participan est\u00e1n llevando a cabo proyectos de investigaci\u00f3n \u00a0tanto en la Facultad de Derecho y Ciencias Sociales como en la Facultad de Lenguas de la UNComahue. La Secretaria de Investigaci\u00f3n de FADEL Alejandra Dabrowski, mencion\u00f3 las dos ediciones anteriores, realizadas en 2004 y 2007, y celebr\u00f3 esta tercera oportunidad en la que \u00abse abren canales para cruzar miradas sobre el objeto de estudio entre investigadores, estudiantes y comunidad\u00bb.<\/p>\n<p>En el mismo sentido, la decana de Fadel Alejandra Olivares, puso el acento en la posibilidad de \u00abcompartir el espacio geogr\u00e1fico y en aunar esfuerzos en una tarea com\u00fan, desde lo acad\u00e9mico y lo humano\u00bb. Esta Terceras Jornadas abren el espacio para \u00abtrabajar en conjunto y crecer como facultades en la actividad que sustenta la tarea docente: el desarrollo del conocimiento y del pensamiento cr\u00edtico\u00bb.<\/p>\n<p>El cierre de la bienvenida estuvo a cargo del decano Carlos Pescader, para quien \u00abretomar esta sana costumbre de generar el \u00e1mbito en el que se comparten los art\u00edculos cient\u00edficos con los compa\u00f1eros docentes debe ser una buena excusa para trabajar juntos\u00bb. Hizo una proyecci\u00f3n para el 2015 en el que adelant\u00f3 el desarrollo de 17 proyectos de investigaci\u00f3n con un crecimiento del treinta por ciento (de 7 a 10) en el n\u00famero de integrantes de equipos de trabajo.<\/p>\n<p>Pescader remarc\u00f3 la necesidad desdoblar y multiplicar los grupos de investigaciones y agradeci\u00f3 a la gesti\u00f3n anterior la puesta en marcha de proyectos de investigaci\u00f3n en ciencias jur\u00eddicas. No obstante, inst\u00f3 a profundizar en la aprobaci\u00f3n de proyectos transdisciplinarios que favorezcan el desarrollo en las \u00e1reas del Derecho y las Ciencias Jur\u00eddicas. De esta manera se propuso \u00abtrabajar en red y de manera din\u00e1mica para que los resultados no queden en los departamentos, sino que trasciendan de manera creativa al medio que sostiene a la universidad p\u00fablica\u00bb.<\/p>\n<p>Para ver el album de fotos, <a href=\"https:\/\/www.facebook.com\/media\/set\/?set=a.379904985499497.1073741874.244355632387767&amp;type=1\"><strong>click aqu\u00ed.<\/strong><\/a><\/p>\n<blockquote><p>Para mayor informaci\u00f3n, pueden consultar a la Secretar\u00eda de CyT de la FADECS, calles Mendoza y Per\u00fa, tel\u00e9fono 4433670 interno 20, o al correo electr\u00f3nico: <a href=\"mailto:invefade@gmail.com\">invefade@gmail.com\u00a0<\/a><\/p><\/blockquote>\n","protected":false},"excerpt":{"rendered":"<p>En la apertura de las jornadas se destac\u00f3 la posibilidad de hacer conocer y compartir las ideas y los aportes de todo lo que se est\u00e1 produciendo en la Universidad Nacional del Comahue. El docente e investigador Fabi\u00e1n Bergero adelant\u00f3 que se pondr\u00e1n en escena 32 ponencias en siete mesas, durante dos d\u00edas, hoy hasta [&hellip;]<\/p>\n","protected":false},"author":2,"featured_media":2929,"comment_status":"open","ping_status":"open","sticky":false,"template":"","format":"standard","meta":{"footnotes":""},"categories":[9,5],"tags":[],"class_list":["post-2925","post","type-post","status-publish","format-standard","has-post-thumbnail","hentry","category-9","category-notifadecs"],"_links":{"self":[{"href":"https:\/\/fadeweb.uncoma.edu.ar\/index.php\/wp-json\/wp\/v2\/posts\/2925","targetHints":{"allow":["GET"]}}],"collection":[{"href":"https:\/\/fadeweb.uncoma.edu.ar\/index.php\/wp-json\/wp\/v2\/posts"}],"about":[{"href":"https:\/\/fadeweb.uncoma.edu.ar\/index.php\/wp-json\/wp\/v2\/types\/post"}],"author":[{"embeddable":true,"href":"https:\/\/fadeweb.uncoma.edu.ar\/index.php\/wp-json\/wp\/v2\/users\/2"}],"replies":[{"embeddable":true,"href":"https:\/\/fadeweb.uncoma.edu.ar\/index.php\/wp-json\/wp\/v2\/comments?post=2925"}],"version-history":[{"count":0,"href":"https:\/\/fadeweb.uncoma.edu.ar\/index.php\/wp-json\/wp\/v2\/posts\/2925\/revisions"}],"wp:featuredmedia":[{"embeddable":true,"href":"https:\/\/fadeweb.uncoma.edu.ar\/index.php\/wp-json\/wp\/v2\/media\/2929"}],"wp:attachment":[{"href":"https:\/\/fadeweb.uncoma.edu.ar\/index.php\/wp-json\/wp\/v2\/media?parent=2925"}],"wp:term":[{"taxonomy":"category","embeddable":true,"href":"https:\/\/fadeweb.uncoma.edu.ar\/index.php\/wp-json\/wp\/v2\/categories?post=2925"},{"taxonomy":"post_tag","embeddable":true,"href":"https:\/\/fadeweb.uncoma.edu.ar\/index.php\/wp-json\/wp\/v2\/tags?post=2925"}],"curies":[{"name":"wp","href":"https:\/\/api.w.org\/{rel}","templated":true}]}}