{"id":2922,"date":"2014-11-04T15:43:11","date_gmt":"2014-11-04T15:43:11","guid":{"rendered":"http:\/\/web.fadecs.uncoma.edu.ar\/?p=2922"},"modified":"2022-10-11T19:54:10","modified_gmt":"2022-10-11T22:54:10","slug":"esta-en-la-red-el-nuevo-numero-de-la-revista-de-la-facultad-estudios-sociales","status":"publish","type":"post","link":"https:\/\/fadeweb.uncoma.edu.ar\/index.php\/2014\/11\/04\/esta-en-la-red-el-nuevo-numero-de-la-revista-de-la-facultad-estudios-sociales\/","title":{"rendered":"ESTA EN LA RED EL NUEVO NUMERO DE LA REVISTA DE LA FACULTAD ESTUDIOS SOCIALES"},"content":{"rendered":"<p><img fetchpriority=\"high\" decoding=\"async\" class=\"alignright wp-image-2923 size-large\" src=\"https:\/\/fadeweb.uncoma.edu.ar\/wp-content\/uploads\/2022\/09\/revista-completa-19-20-1-755x1024.jpg\" alt=\"\" width=\"755\" height=\"1024\" srcset=\"https:\/\/fadeweb.uncoma.edu.ar\/wp-content\/uploads\/2022\/09\/revista-completa-19-20-1-755x1024.jpg 755w, https:\/\/fadeweb.uncoma.edu.ar\/wp-content\/uploads\/2022\/09\/revista-completa-19-20-1-221x300.jpg 221w, https:\/\/fadeweb.uncoma.edu.ar\/wp-content\/uploads\/2022\/09\/revista-completa-19-20-1-768x1042.jpg 768w, https:\/\/fadeweb.uncoma.edu.ar\/wp-content\/uploads\/2022\/09\/revista-completa-19-20-1.jpg 1000w\" sizes=\"(max-width: 755px) 100vw, 755px\" \/>La publicaci\u00f3n corresponde a los n\u00fameros 19 y 20, del a\u00f1o 21 de vida, que se cumple este 2014. Este n\u00famero contiene art\u00edculos sobre cuestiones de las provincias\u00a0patag\u00f3nicas de R\u00edo Negro y Neuqu\u00e9n, globalizaci\u00f3n, pactos de la lectura, an\u00e1lisis del pensamiento de autores cl\u00e1sicos, derecho e igualdad, libertad de las personas, revisiones, lenguaje, desarrollo, trabajo y ruralidad, igualitarismo, fragilidad en la sociedad, un ensayo.<\/p>\n<p>En el editorial se destaca que el contenido est\u00e1 orientado a \u201cnovedades investigativas, propuestas y reflexiones: dar cuenta de sobre las nuevas formas de la realidad\u201d. En consonancia con los cambios producidos en las ciencias sociales, la comunicaci\u00f3n y la cultura \u201clos autores entienden ese hecho como irreversible y en tal sentido, es seguro que la Revista avanzar\u00e1 en la utilizaci\u00f3n de las posibilidades tecnocomunicativas, sin perder de vista el perfeccionamiento y la adecuada contribuci\u00f3n acad\u00e9mica como expresi\u00f3n v\u00e1lida, fundada en la exigencia que impone pertenecer a la Universidad P\u00fablica\u201d.<\/p>\n<p>La invitaci\u00f3n a transitar el temario, para ello vale pena acceder a este \u00faltimo n\u00famero en: <a href=\"https:\/\/fadeweb.uncoma.edu.ar\/wp-content\/uploads\/2022\/10\/revista-completa-19-20.pdf\">DESCARGAR Revista N\u00ba 19<\/a><\/p>\n","protected":false},"excerpt":{"rendered":"<p>La publicaci\u00f3n corresponde a los n\u00fameros 19 y 20, del a\u00f1o 21 de vida, que se cumple este 2014. Este n\u00famero contiene art\u00edculos sobre cuestiones de las provincias\u00a0patag\u00f3nicas de R\u00edo Negro y Neuqu\u00e9n, globalizaci\u00f3n, pactos de la lectura, an\u00e1lisis del pensamiento de autores cl\u00e1sicos, derecho e igualdad, libertad de las personas, revisiones, lenguaje, desarrollo, trabajo [&hellip;]<\/p>\n","protected":false},"author":2,"featured_media":2923,"comment_status":"open","ping_status":"open","sticky":false,"template":"","format":"standard","meta":{"footnotes":""},"categories":[9,5],"tags":[],"class_list":["post-2922","post","type-post","status-publish","format-standard","has-post-thumbnail","hentry","category-9","category-notifadecs"],"_links":{"self":[{"href":"https:\/\/fadeweb.uncoma.edu.ar\/index.php\/wp-json\/wp\/v2\/posts\/2922","targetHints":{"allow":["GET"]}}],"collection":[{"href":"https:\/\/fadeweb.uncoma.edu.ar\/index.php\/wp-json\/wp\/v2\/posts"}],"about":[{"href":"https:\/\/fadeweb.uncoma.edu.ar\/index.php\/wp-json\/wp\/v2\/types\/post"}],"author":[{"embeddable":true,"href":"https:\/\/fadeweb.uncoma.edu.ar\/index.php\/wp-json\/wp\/v2\/users\/2"}],"replies":[{"embeddable":true,"href":"https:\/\/fadeweb.uncoma.edu.ar\/index.php\/wp-json\/wp\/v2\/comments?post=2922"}],"version-history":[{"count":1,"href":"https:\/\/fadeweb.uncoma.edu.ar\/index.php\/wp-json\/wp\/v2\/posts\/2922\/revisions"}],"predecessor-version":[{"id":7150,"href":"https:\/\/fadeweb.uncoma.edu.ar\/index.php\/wp-json\/wp\/v2\/posts\/2922\/revisions\/7150"}],"wp:featuredmedia":[{"embeddable":true,"href":"https:\/\/fadeweb.uncoma.edu.ar\/index.php\/wp-json\/wp\/v2\/media\/2923"}],"wp:attachment":[{"href":"https:\/\/fadeweb.uncoma.edu.ar\/index.php\/wp-json\/wp\/v2\/media?parent=2922"}],"wp:term":[{"taxonomy":"category","embeddable":true,"href":"https:\/\/fadeweb.uncoma.edu.ar\/index.php\/wp-json\/wp\/v2\/categories?post=2922"},{"taxonomy":"post_tag","embeddable":true,"href":"https:\/\/fadeweb.uncoma.edu.ar\/index.php\/wp-json\/wp\/v2\/tags?post=2922"}],"curies":[{"name":"wp","href":"https:\/\/api.w.org\/{rel}","templated":true}]}}