{"id":29212,"date":"2026-08-31T11:05:19","date_gmt":"2026-08-31T14:05:19","guid":{"rendered":"https:\/\/fadeweb.uncoma.edu.ar\/?p=29212"},"modified":"2026-08-31T11:05:19","modified_gmt":"2026-08-31T14:05:19","slug":"encarrera-primer-encuentro","status":"publish","type":"post","link":"https:\/\/fadeweb.uncoma.edu.ar\/index.php\/2026\/08\/31\/encarrera-primer-encuentro\/","title":{"rendered":"#ENCARRERA | PRIMER ENCUENTRO"},"content":{"rendered":"<p><img fetchpriority=\"high\" decoding=\"async\" class=\"alignnone wp-image-29213 size-large\" src=\"https:\/\/fadeweb.uncoma.edu.ar\/wp-content\/uploads\/2026\/08\/en-carrera1-978x1024.jpeg\" alt=\"#ENCARRERA | PRIMER ENCUENTRO\" width=\"800\" height=\"838\" srcset=\"https:\/\/fadeweb.uncoma.edu.ar\/wp-content\/uploads\/2026\/08\/en-carrera1-978x1024.jpeg 978w, https:\/\/fadeweb.uncoma.edu.ar\/wp-content\/uploads\/2026\/08\/en-carrera1-287x300.jpeg 287w, https:\/\/fadeweb.uncoma.edu.ar\/wp-content\/uploads\/2026\/08\/en-carrera1-768x804.jpeg 768w, https:\/\/fadeweb.uncoma.edu.ar\/wp-content\/uploads\/2026\/08\/en-carrera1-1467x1536.jpeg 1467w, https:\/\/fadeweb.uncoma.edu.ar\/wp-content\/uploads\/2026\/08\/en-carrera1.jpeg 1528w\" sizes=\"(max-width: 800px) 100vw, 800px\" \/><\/p>\n<p>El mi\u00e9rcoles 26 de agosto se llev\u00f3 adelante el primer taller del Programa #EnCarrera, a cargo de la Secretar\u00eda de Bienestar Estudiantil y Equipo Psicosocial de la Direcci\u00f3n de Abordaje Integral.<\/p>\n<p>Este primer encuentro propuso un espacio para reflexionar sobre las trayectorias acad\u00e9micas, los obst\u00e1culos que pueden aparecer en el recorrido universitario y las herramientas que podemos construir para retomar y avanzar hacia la finalizaci\u00f3n de la carrera.<\/p>\n<p>Agradecemos a quienes participaron y se animaron a compartir este espacio de encuentro, reflexi\u00f3n y construcci\u00f3n colectiva.<\/p>\n<p>\u00a1Seguimos en carrera!<\/p>\n","protected":false},"excerpt":{"rendered":"<p>El mi\u00e9rcoles 26 de agosto se llev\u00f3 adelante el primer taller del Programa #EnCarrera, a cargo de la Secretar\u00eda de Bienestar Estudiantil y Equipo Psicosocial de la Direcci\u00f3n de Abordaje Integral. Este primer encuentro propuso un espacio para reflexionar sobre las trayectorias acad\u00e9micas, los obst\u00e1culos que pueden aparecer en el recorrido universitario y las herramientas [&hellip;]<\/p>\n","protected":false},"author":4,"featured_media":29213,"comment_status":"closed","ping_status":"closed","sticky":false,"template":"","format":"standard","meta":{"footnotes":""},"categories":[5],"tags":[],"class_list":["post-29212","post","type-post","status-publish","format-standard","has-post-thumbnail","hentry","category-notifadecs"],"_links":{"self":[{"href":"https:\/\/fadeweb.uncoma.edu.ar\/index.php\/wp-json\/wp\/v2\/posts\/29212","targetHints":{"allow":["GET"]}}],"collection":[{"href":"https:\/\/fadeweb.uncoma.edu.ar\/index.php\/wp-json\/wp\/v2\/posts"}],"about":[{"href":"https:\/\/fadeweb.uncoma.edu.ar\/index.php\/wp-json\/wp\/v2\/types\/post"}],"author":[{"embeddable":true,"href":"https:\/\/fadeweb.uncoma.edu.ar\/index.php\/wp-json\/wp\/v2\/users\/4"}],"replies":[{"embeddable":true,"href":"https:\/\/fadeweb.uncoma.edu.ar\/index.php\/wp-json\/wp\/v2\/comments?post=29212"}],"version-history":[{"count":1,"href":"https:\/\/fadeweb.uncoma.edu.ar\/index.php\/wp-json\/wp\/v2\/posts\/29212\/revisions"}],"predecessor-version":[{"id":29214,"href":"https:\/\/fadeweb.uncoma.edu.ar\/index.php\/wp-json\/wp\/v2\/posts\/29212\/revisions\/29214"}],"wp:featuredmedia":[{"embeddable":true,"href":"https:\/\/fadeweb.uncoma.edu.ar\/index.php\/wp-json\/wp\/v2\/media\/29213"}],"wp:attachment":[{"href":"https:\/\/fadeweb.uncoma.edu.ar\/index.php\/wp-json\/wp\/v2\/media?parent=29212"}],"wp:term":[{"taxonomy":"category","embeddable":true,"href":"https:\/\/fadeweb.uncoma.edu.ar\/index.php\/wp-json\/wp\/v2\/categories?post=29212"},{"taxonomy":"post_tag","embeddable":true,"href":"https:\/\/fadeweb.uncoma.edu.ar\/index.php\/wp-json\/wp\/v2\/tags?post=29212"}],"curies":[{"name":"wp","href":"https:\/\/api.w.org\/{rel}","templated":true}]}}