{"id":29209,"date":"2026-08-31T10:46:06","date_gmt":"2026-08-31T13:46:06","guid":{"rendered":"https:\/\/fadeweb.uncoma.edu.ar\/?p=29209"},"modified":"2026-08-31T10:46:06","modified_gmt":"2026-08-31T13:46:06","slug":"convocatoria-a-tutores-pares-para-acompanar-trayectorias-estudiantiles","status":"publish","type":"post","link":"https:\/\/fadeweb.uncoma.edu.ar\/index.php\/2026\/08\/31\/convocatoria-a-tutores-pares-para-acompanar-trayectorias-estudiantiles\/","title":{"rendered":"CONVOCATORIA A TUTORES PARES PARA ACOMPA\u00d1AR TRAYECTORIAS ESTUDIANTILES"},"content":{"rendered":"<p><img fetchpriority=\"high\" decoding=\"async\" class=\"alignnone wp-image-29210 size-large\" src=\"https:\/\/fadeweb.uncoma.edu.ar\/wp-content\/uploads\/2026\/08\/TUTORES-PARES-ACADEMICA-819x1024.jpg\" alt=\"CONVOCATORIA A TUTORES PARES PARA ACOMPA\u00d1AR TRAYECTORIAS ESTUDIANTILES\" width=\"800\" height=\"1000\" srcset=\"https:\/\/fadeweb.uncoma.edu.ar\/wp-content\/uploads\/2026\/08\/TUTORES-PARES-ACADEMICA-819x1024.jpg 819w, https:\/\/fadeweb.uncoma.edu.ar\/wp-content\/uploads\/2026\/08\/TUTORES-PARES-ACADEMICA-240x300.jpg 240w, https:\/\/fadeweb.uncoma.edu.ar\/wp-content\/uploads\/2026\/08\/TUTORES-PARES-ACADEMICA-768x960.jpg 768w, https:\/\/fadeweb.uncoma.edu.ar\/wp-content\/uploads\/2026\/08\/TUTORES-PARES-ACADEMICA-1228x1536.jpg 1228w, https:\/\/fadeweb.uncoma.edu.ar\/wp-content\/uploads\/2026\/08\/TUTORES-PARES-ACADEMICA-1638x2048.jpg 1638w, https:\/\/fadeweb.uncoma.edu.ar\/wp-content\/uploads\/2026\/08\/TUTORES-PARES-ACADEMICA-scaled.jpg 2047w\" sizes=\"(max-width: 800px) 100vw, 800px\" \/><\/p>\n<p>La Secretar\u00eda Acad\u00e9mica informa que est\u00e1 abierta la convocatoria a estudiantes avanzadas\/os de las carreras que se cursan en la FADECS, a postular para el programa de Tutores Pares que se desarrollar\u00e1 entre octubre y diciembre de 2026, con el objetivo de acompa\u00f1ar trayectorias estudiantiles en las instancias media y final de sus carreras.<\/p>\n<p>En el presente llamado a Tutores\/as Pares se seleccionar\u00e1n 5 estudiantes por 3 meses, el monto de asignaci\u00f3n es de $200.000 mensuales, con una carga de 5 horas semanales.<\/p>\n<p>Como criterio general, se buscar\u00e1 un\/a Tutor\/a Par para Abogac\u00eda, uno\/a para Sociolog\u00eda, uno\/a para Servicio Social localizaci\u00f3n General Roca\/Fiske, uno\/a para Servicio Social localizaci\u00f3n Neuqu\u00e9n, uno\/a para Comunicaci\u00f3n.<\/p>\n<p><strong>Criterios de selecci\u00f3n:<\/strong><br \/>\n\u2022 Estudiantes regulares que acrediten m\u00e1s del 50% de sus respectivas carreras<br \/>\n\u2022 Grado de avance en su carrera<br \/>\n\u2022 Desempe\u00f1o acad\u00e9mico<br \/>\n\u2022 Aptitudes y capacidad para trabajar en equipo y coordinar acciones con el \u00e1rea de Orientaci\u00f3n, Ingreso y Permanencia.<\/p>\n<p><strong>Comit\u00e9 de selecci\u00f3n:<\/strong> secretario Acad\u00e9mico, secretaria de Bienestar y un\/a estudiante a propuesta del Centro.<\/p>\n<p><strong>Cronograma:<\/strong><br \/>\nInscripciones: 31\/8 al 9\/9<br \/>\nEntrevistas: lunes 14\/9<br \/>\nInicio de las actividades: 1\/10 al 31\/12<\/p>\n<p><strong>Inscripciones:<\/strong><br \/>\n\u2022 Las y los interesadas\/os deben enviar una nota al correo electr\u00f3nico <a href=\"mailto:secretaria.academica@fade.uncoma.edu.ar\">secretaria.academica@fade.uncoma.edu.ar<\/a> dirigida al Secretario Acad\u00e9mico Dr. Pablo Schleifer solicitando la inscripci\u00f3n en el \u201cProyecto de Acompa\u00f1amiento a las Trayectorias de Estudiantes en la FADECS en el tramo medio y final de sus recorridos acad\u00e9micos\u201d. En el asunto del correo deben consignar Inscripci\u00f3n a Tutor\u00edas Pares<\/p>\n<p><strong>Anexar:<\/strong><br \/>\n\u2022 Certificado de regularidad<br \/>\n\u2022 Rendimiento Acad\u00e9mico<br \/>\n\u2022 Curriculum vitae<\/p>\n","protected":false},"excerpt":{"rendered":"<p>La Secretar\u00eda Acad\u00e9mica informa que est\u00e1 abierta la convocatoria a estudiantes avanzadas\/os de las carreras que se cursan en la FADECS, a postular para el programa de Tutores Pares que se desarrollar\u00e1 entre octubre y diciembre de 2026, con el objetivo de acompa\u00f1ar trayectorias estudiantiles en las instancias media y final de sus carreras. En [&hellip;]<\/p>\n","protected":false},"author":4,"featured_media":29210,"comment_status":"closed","ping_status":"closed","sticky":false,"template":"","format":"standard","meta":{"footnotes":""},"categories":[5],"tags":[],"class_list":["post-29209","post","type-post","status-publish","format-standard","has-post-thumbnail","hentry","category-notifadecs"],"_links":{"self":[{"href":"https:\/\/fadeweb.uncoma.edu.ar\/index.php\/wp-json\/wp\/v2\/posts\/29209","targetHints":{"allow":["GET"]}}],"collection":[{"href":"https:\/\/fadeweb.uncoma.edu.ar\/index.php\/wp-json\/wp\/v2\/posts"}],"about":[{"href":"https:\/\/fadeweb.uncoma.edu.ar\/index.php\/wp-json\/wp\/v2\/types\/post"}],"author":[{"embeddable":true,"href":"https:\/\/fadeweb.uncoma.edu.ar\/index.php\/wp-json\/wp\/v2\/users\/4"}],"replies":[{"embeddable":true,"href":"https:\/\/fadeweb.uncoma.edu.ar\/index.php\/wp-json\/wp\/v2\/comments?post=29209"}],"version-history":[{"count":1,"href":"https:\/\/fadeweb.uncoma.edu.ar\/index.php\/wp-json\/wp\/v2\/posts\/29209\/revisions"}],"predecessor-version":[{"id":29211,"href":"https:\/\/fadeweb.uncoma.edu.ar\/index.php\/wp-json\/wp\/v2\/posts\/29209\/revisions\/29211"}],"wp:featuredmedia":[{"embeddable":true,"href":"https:\/\/fadeweb.uncoma.edu.ar\/index.php\/wp-json\/wp\/v2\/media\/29210"}],"wp:attachment":[{"href":"https:\/\/fadeweb.uncoma.edu.ar\/index.php\/wp-json\/wp\/v2\/media?parent=29209"}],"wp:term":[{"taxonomy":"category","embeddable":true,"href":"https:\/\/fadeweb.uncoma.edu.ar\/index.php\/wp-json\/wp\/v2\/categories?post=29209"},{"taxonomy":"post_tag","embeddable":true,"href":"https:\/\/fadeweb.uncoma.edu.ar\/index.php\/wp-json\/wp\/v2\/tags?post=29209"}],"curies":[{"name":"wp","href":"https:\/\/api.w.org\/{rel}","templated":true}]}}