{"id":29206,"date":"2026-08-31T09:14:22","date_gmt":"2026-08-31T12:14:22","guid":{"rendered":"https:\/\/fadeweb.uncoma.edu.ar\/?p=29206"},"modified":"2026-08-31T09:14:22","modified_gmt":"2026-08-31T12:14:22","slug":"espacio-de-dialogo-y-trabajo-compartido-con-residentes-de-la-unco","status":"publish","type":"post","link":"https:\/\/fadeweb.uncoma.edu.ar\/index.php\/2026\/08\/31\/espacio-de-dialogo-y-trabajo-compartido-con-residentes-de-la-unco\/","title":{"rendered":"ESPACIO DE DI\u00c1LOGO Y TRABAJO COMPARTIDO CON RESIDENTES DE LA UNCO"},"content":{"rendered":"<p><img fetchpriority=\"high\" decoding=\"async\" class=\"alignnone wp-image-29207 size-large\" src=\"https:\/\/fadeweb.uncoma.edu.ar\/wp-content\/uploads\/2026\/08\/rr0-771x1024.jpg\" alt=\"ESPACIO DE DI\u00c1LOGO Y TRABAJO COMPARTIDO CON RESIDENTES DE LA UNCO\" width=\"771\" height=\"1024\" srcset=\"https:\/\/fadeweb.uncoma.edu.ar\/wp-content\/uploads\/2026\/08\/rr0-771x1024.jpg 771w, https:\/\/fadeweb.uncoma.edu.ar\/wp-content\/uploads\/2026\/08\/rr0-226x300.jpg 226w, https:\/\/fadeweb.uncoma.edu.ar\/wp-content\/uploads\/2026\/08\/rr0-768x1020.jpg 768w, https:\/\/fadeweb.uncoma.edu.ar\/wp-content\/uploads\/2026\/08\/rr0-1157x1536.jpg 1157w, https:\/\/fadeweb.uncoma.edu.ar\/wp-content\/uploads\/2026\/08\/rr0-1542x2048.jpg 1542w, https:\/\/fadeweb.uncoma.edu.ar\/wp-content\/uploads\/2026\/08\/rr0-scaled.jpg 1928w\" sizes=\"(max-width: 771px) 100vw, 771px\" \/><\/p>\n<p>Las secretarias de Bienestar de la FADECS y la FADEL, acompa\u00f1adas por los equipos de gesti\u00f3n de ambas unidades acad\u00e9micas, se reunieron el viernes 21 de agosto con un nutrido grupo de estudiantes que habitan en las residencias del asentamiento General Roca de la UNCo.<\/p>\n<p>La jornada tuvo como prop\u00f3sito central presentar a las nuevas autoridades de ambas unidades acad\u00e9micas y generar un espacio de di\u00e1logo que permita dise\u00f1ar, de manera participativa, circuitos de comunicaci\u00f3n fluidos para fortalecer la convivencia y mejorar el h\u00e1bitat residencial.<\/p>\n<p>Asimismo, durante la actividad se repas\u00f3 el reglamento vigente y se abordaron aspectos clave de la vida cotidiana en com\u00fan, y se sentaron las bases para una agenda de trabajo compartido a futuro<\/p>\n","protected":false},"excerpt":{"rendered":"<p>Las secretarias de Bienestar de la FADECS y la FADEL, acompa\u00f1adas por los equipos de gesti\u00f3n de ambas unidades acad\u00e9micas, se reunieron el viernes 21 de agosto con un nutrido grupo de estudiantes que habitan en las residencias del asentamiento General Roca de la UNCo. La jornada tuvo como prop\u00f3sito central presentar a las nuevas [&hellip;]<\/p>\n","protected":false},"author":4,"featured_media":29207,"comment_status":"closed","ping_status":"closed","sticky":false,"template":"","format":"standard","meta":{"footnotes":""},"categories":[5],"tags":[],"class_list":["post-29206","post","type-post","status-publish","format-standard","has-post-thumbnail","hentry","category-notifadecs"],"_links":{"self":[{"href":"https:\/\/fadeweb.uncoma.edu.ar\/index.php\/wp-json\/wp\/v2\/posts\/29206","targetHints":{"allow":["GET"]}}],"collection":[{"href":"https:\/\/fadeweb.uncoma.edu.ar\/index.php\/wp-json\/wp\/v2\/posts"}],"about":[{"href":"https:\/\/fadeweb.uncoma.edu.ar\/index.php\/wp-json\/wp\/v2\/types\/post"}],"author":[{"embeddable":true,"href":"https:\/\/fadeweb.uncoma.edu.ar\/index.php\/wp-json\/wp\/v2\/users\/4"}],"replies":[{"embeddable":true,"href":"https:\/\/fadeweb.uncoma.edu.ar\/index.php\/wp-json\/wp\/v2\/comments?post=29206"}],"version-history":[{"count":1,"href":"https:\/\/fadeweb.uncoma.edu.ar\/index.php\/wp-json\/wp\/v2\/posts\/29206\/revisions"}],"predecessor-version":[{"id":29208,"href":"https:\/\/fadeweb.uncoma.edu.ar\/index.php\/wp-json\/wp\/v2\/posts\/29206\/revisions\/29208"}],"wp:featuredmedia":[{"embeddable":true,"href":"https:\/\/fadeweb.uncoma.edu.ar\/index.php\/wp-json\/wp\/v2\/media\/29207"}],"wp:attachment":[{"href":"https:\/\/fadeweb.uncoma.edu.ar\/index.php\/wp-json\/wp\/v2\/media?parent=29206"}],"wp:term":[{"taxonomy":"category","embeddable":true,"href":"https:\/\/fadeweb.uncoma.edu.ar\/index.php\/wp-json\/wp\/v2\/categories?post=29206"},{"taxonomy":"post_tag","embeddable":true,"href":"https:\/\/fadeweb.uncoma.edu.ar\/index.php\/wp-json\/wp\/v2\/tags?post=29206"}],"curies":[{"name":"wp","href":"https:\/\/api.w.org\/{rel}","templated":true}]}}