{"id":29115,"date":"2026-08-25T11:14:45","date_gmt":"2026-08-25T14:14:45","guid":{"rendered":"https:\/\/fadeweb.uncoma.edu.ar\/?p=29115"},"modified":"2026-08-25T11:14:45","modified_gmt":"2026-08-25T14:14:45","slug":"imagen-y-memoria-muestra-fotografica-sobre-derechos-humanos-en-la-fadecs","status":"publish","type":"post","link":"https:\/\/fadeweb.uncoma.edu.ar\/index.php\/2026\/08\/25\/imagen-y-memoria-muestra-fotografica-sobre-derechos-humanos-en-la-fadecs\/","title":{"rendered":"\u201cIMAGEN Y MEMORIA\u201d | MUESTRA FOTOGR\u00c1FICA SOBRE DERECHOS HUMANOS EN LA FADECS"},"content":{"rendered":"<p><img fetchpriority=\"high\" decoding=\"async\" class=\"alignnone wp-image-29116 size-large\" src=\"https:\/\/fadeweb.uncoma.edu.ar\/wp-content\/uploads\/2026\/08\/muestra0-copia-1024x577.jpg\" alt=\"\u201cIMAGEN Y MEMORIA\u201d | MUESTRA FOTOGR\u00c1FICA SOBRE DERECHOS HUMANOS EN LA FADECS\" width=\"800\" height=\"451\" srcset=\"https:\/\/fadeweb.uncoma.edu.ar\/wp-content\/uploads\/2026\/08\/muestra0-copia-1024x577.jpg 1024w, https:\/\/fadeweb.uncoma.edu.ar\/wp-content\/uploads\/2026\/08\/muestra0-copia-300x169.jpg 300w, https:\/\/fadeweb.uncoma.edu.ar\/wp-content\/uploads\/2026\/08\/muestra0-copia-768x433.jpg 768w, https:\/\/fadeweb.uncoma.edu.ar\/wp-content\/uploads\/2026\/08\/muestra0-copia.jpg 1080w\" sizes=\"(max-width: 800px) 100vw, 800px\" \/><\/p>\n<p>En el marco de las actividades por los 50 a\u00f1os del golpe genocida, c\u00edvico, militar, eclesi\u00e1stico y empresarial, la FADECS-UNCo junto a organismos de derechos humanos regionales, inauguraron el jueves 20 de agosto la exposici\u00f3n fotogr\u00e1fica \u201cImagen y Memoria. Retratos para no olvidar\u201d en la Biblioteca Ernesto S\u00e1bato.<\/p>\n<p>Asistieron al acto el decano Julio Monasterio y autoridades de nuestra facultad; acompa\u00f1ados por radio Antena Libre, la Red por el Derecho a la Identidad (General Roca), el Observatorio de Derechos Humanos de R\u00edo Negro, Son Miradas &#8211; Colectivo Fotogr\u00e1fico, J\u00f3venes por la Memoria, Marabunta, UnTER, UnTER Seccional Roca y la Liga Argentina por los Derechos Humanos Patagonia.<\/p>\n<p>La muestra es una producci\u00f3n art\u00edstica realizada por el colectivo de fot\u00f3grafas y fot\u00f3grafos \u2018Son Miradas\u2019, en el marco de los 50 a\u00f1os del inicio del Terrorismo de Estado en nuestro pa\u00eds. Estos retratos y los fragmentos de testimonios que acompa\u00f1an la obra proponen un encuentro vital con relatos individuales que forman parte de la historia colectiva.<\/p>\n<p>La exposici\u00f3n permanecer\u00e1 abierta hasta el 28 de agosto en la Biblioteca Ernesto S\u00e1bato, de lunes a viernes entre las 8 y 21 hs. Las instituciones educativas interesadas en realizar una visita guiada deber\u00e1n coordinar previamente con la Red por el Derecho a la Identidad al correo: <a href=\"mailto:IdentidadFiskeRegina@gmail.com\">IdentidadFiskeRegina@gmail.com<\/a><\/p>\n","protected":false},"excerpt":{"rendered":"<p>En el marco de las actividades por los 50 a\u00f1os del golpe genocida, c\u00edvico, militar, eclesi\u00e1stico y empresarial, la FADECS-UNCo junto a organismos de derechos humanos regionales, inauguraron el jueves 20 de agosto la exposici\u00f3n fotogr\u00e1fica \u201cImagen y Memoria. Retratos para no olvidar\u201d en la Biblioteca Ernesto S\u00e1bato. Asistieron al acto el decano Julio Monasterio [&hellip;]<\/p>\n","protected":false},"author":4,"featured_media":29116,"comment_status":"closed","ping_status":"closed","sticky":false,"template":"","format":"standard","meta":{"footnotes":""},"categories":[5],"tags":[],"class_list":["post-29115","post","type-post","status-publish","format-standard","has-post-thumbnail","hentry","category-notifadecs"],"_links":{"self":[{"href":"https:\/\/fadeweb.uncoma.edu.ar\/index.php\/wp-json\/wp\/v2\/posts\/29115","targetHints":{"allow":["GET"]}}],"collection":[{"href":"https:\/\/fadeweb.uncoma.edu.ar\/index.php\/wp-json\/wp\/v2\/posts"}],"about":[{"href":"https:\/\/fadeweb.uncoma.edu.ar\/index.php\/wp-json\/wp\/v2\/types\/post"}],"author":[{"embeddable":true,"href":"https:\/\/fadeweb.uncoma.edu.ar\/index.php\/wp-json\/wp\/v2\/users\/4"}],"replies":[{"embeddable":true,"href":"https:\/\/fadeweb.uncoma.edu.ar\/index.php\/wp-json\/wp\/v2\/comments?post=29115"}],"version-history":[{"count":1,"href":"https:\/\/fadeweb.uncoma.edu.ar\/index.php\/wp-json\/wp\/v2\/posts\/29115\/revisions"}],"predecessor-version":[{"id":29117,"href":"https:\/\/fadeweb.uncoma.edu.ar\/index.php\/wp-json\/wp\/v2\/posts\/29115\/revisions\/29117"}],"wp:featuredmedia":[{"embeddable":true,"href":"https:\/\/fadeweb.uncoma.edu.ar\/index.php\/wp-json\/wp\/v2\/media\/29116"}],"wp:attachment":[{"href":"https:\/\/fadeweb.uncoma.edu.ar\/index.php\/wp-json\/wp\/v2\/media?parent=29115"}],"wp:term":[{"taxonomy":"category","embeddable":true,"href":"https:\/\/fadeweb.uncoma.edu.ar\/index.php\/wp-json\/wp\/v2\/categories?post=29115"},{"taxonomy":"post_tag","embeddable":true,"href":"https:\/\/fadeweb.uncoma.edu.ar\/index.php\/wp-json\/wp\/v2\/tags?post=29115"}],"curies":[{"name":"wp","href":"https:\/\/api.w.org\/{rel}","templated":true}]}}