{"id":29089,"date":"2026-08-25T08:57:02","date_gmt":"2026-08-25T11:57:02","guid":{"rendered":"https:\/\/fadeweb.uncoma.edu.ar\/?p=29089"},"modified":"2026-08-25T08:57:02","modified_gmt":"2026-08-25T11:57:02","slug":"estudiantes-de-comunicacion-social-con-mencion-en-locucion-de-la-fadecs-unco-participaron-de-una-masterclass-con-destacados-periodistas-regionales","status":"publish","type":"post","link":"https:\/\/fadeweb.uncoma.edu.ar\/index.php\/2026\/08\/25\/estudiantes-de-comunicacion-social-con-mencion-en-locucion-de-la-fadecs-unco-participaron-de-una-masterclass-con-destacados-periodistas-regionales\/","title":{"rendered":"ESTUDIANTES DE COMUNICACI\u00d3N SOCIAL CON MENCI\u00d3N EN LOCUCI\u00d3N DE LA FADECS-UNCO participaron de una Masterclass con destacados periodistas regionales"},"content":{"rendered":"<p><img fetchpriority=\"high\" decoding=\"async\" class=\"alignnone wp-image-29091 size-full\" src=\"https:\/\/fadeweb.uncoma.edu.ar\/wp-content\/uploads\/2026\/08\/WhatsApp-Image-2026-08-25-at-08.11.49-2-1.jpeg\" alt=\"ESTUDIANTES DE COMUNICACI\u00d3N SOCIAL CON MENCI\u00d3N EN LOCUCI\u00d3N DE LA FADECS-UNCO participaron de una Masterclass con destacados periodistas regionales\" width=\"845\" height=\"582\" srcset=\"https:\/\/fadeweb.uncoma.edu.ar\/wp-content\/uploads\/2026\/08\/WhatsApp-Image-2026-08-25-at-08.11.49-2-1.jpeg 845w, https:\/\/fadeweb.uncoma.edu.ar\/wp-content\/uploads\/2026\/08\/WhatsApp-Image-2026-08-25-at-08.11.49-2-1-300x207.jpeg 300w, https:\/\/fadeweb.uncoma.edu.ar\/wp-content\/uploads\/2026\/08\/WhatsApp-Image-2026-08-25-at-08.11.49-2-1-768x529.jpeg 768w\" sizes=\"(max-width: 845px) 100vw, 845px\" \/><\/p>\n<p>El estudiantado de las c\u00e1tedras de Locuci\u00f3n de la FADECS recibi\u00f3 el lunes 24 de agosto a los reconocidos comunicadores Valeria Huwyler, de Canal 10, y Said Arden, de Somos Noticias.<\/p>\n<p>Durante el encuentro, que se desarroll\u00f3 como una din\u00e1mica de masterclass, las y los futuros comunicadores con menci\u00f3n en locuci\u00f3n realizaron pr\u00e1cticas frente a c\u00e1mara, aplicando t\u00e9cnicas de locuci\u00f3n informativista y recibiendo devoluciones directas de los invitados.<\/p>\n<p>Al respecto, el docente Omar Gonz\u00e1lez destac\u00f3 y agradeci\u00f3 \u00abla presencia de estos dos queridos colegas que se tomaron el tiempo para acercarse hasta nuestra casa a compartir su conocimiento, se\u00f1alando aspectos para la mejora continua del estudiantado. En ese sentido, ambos reconocieron la capacidad y potencial que tienen nuestras y nuestros estudiantes, y les recomendaron explotarlo en pos del ejercicio pleno de la comunicaci\u00f3n\u00bb.<\/p>\n<p>Asimismo, las y los estudiantes aprovecharon la jornada para contrastar aspectos te\u00f3ricos abordados en clases, con las din\u00e1micas reales del trabajo diario.<\/p>\n","protected":false},"excerpt":{"rendered":"<p>El estudiantado de las c\u00e1tedras de Locuci\u00f3n de la FADECS recibi\u00f3 el lunes 24 de agosto a los reconocidos comunicadores Valeria Huwyler, de Canal 10, y Said Arden, de Somos Noticias. Durante el encuentro, que se desarroll\u00f3 como una din\u00e1mica de masterclass, las y los futuros comunicadores con menci\u00f3n en locuci\u00f3n realizaron pr\u00e1cticas frente a [&hellip;]<\/p>\n","protected":false},"author":4,"featured_media":29090,"comment_status":"closed","ping_status":"closed","sticky":false,"template":"","format":"standard","meta":{"footnotes":""},"categories":[5],"tags":[],"class_list":["post-29089","post","type-post","status-publish","format-standard","has-post-thumbnail","hentry","category-notifadecs"],"_links":{"self":[{"href":"https:\/\/fadeweb.uncoma.edu.ar\/index.php\/wp-json\/wp\/v2\/posts\/29089","targetHints":{"allow":["GET"]}}],"collection":[{"href":"https:\/\/fadeweb.uncoma.edu.ar\/index.php\/wp-json\/wp\/v2\/posts"}],"about":[{"href":"https:\/\/fadeweb.uncoma.edu.ar\/index.php\/wp-json\/wp\/v2\/types\/post"}],"author":[{"embeddable":true,"href":"https:\/\/fadeweb.uncoma.edu.ar\/index.php\/wp-json\/wp\/v2\/users\/4"}],"replies":[{"embeddable":true,"href":"https:\/\/fadeweb.uncoma.edu.ar\/index.php\/wp-json\/wp\/v2\/comments?post=29089"}],"version-history":[{"count":1,"href":"https:\/\/fadeweb.uncoma.edu.ar\/index.php\/wp-json\/wp\/v2\/posts\/29089\/revisions"}],"predecessor-version":[{"id":29092,"href":"https:\/\/fadeweb.uncoma.edu.ar\/index.php\/wp-json\/wp\/v2\/posts\/29089\/revisions\/29092"}],"wp:featuredmedia":[{"embeddable":true,"href":"https:\/\/fadeweb.uncoma.edu.ar\/index.php\/wp-json\/wp\/v2\/media\/29090"}],"wp:attachment":[{"href":"https:\/\/fadeweb.uncoma.edu.ar\/index.php\/wp-json\/wp\/v2\/media?parent=29089"}],"wp:term":[{"taxonomy":"category","embeddable":true,"href":"https:\/\/fadeweb.uncoma.edu.ar\/index.php\/wp-json\/wp\/v2\/categories?post=29089"},{"taxonomy":"post_tag","embeddable":true,"href":"https:\/\/fadeweb.uncoma.edu.ar\/index.php\/wp-json\/wp\/v2\/tags?post=29089"}],"curies":[{"name":"wp","href":"https:\/\/api.w.org\/{rel}","templated":true}]}}