{"id":29078,"date":"2026-08-24T14:04:04","date_gmt":"2026-08-24T17:04:04","guid":{"rendered":"https:\/\/fadeweb.uncoma.edu.ar\/?p=29078"},"modified":"2026-08-24T14:04:04","modified_gmt":"2026-08-24T17:04:04","slug":"homenaje-a-maria-victoria-salgado-battistessa","status":"publish","type":"post","link":"https:\/\/fadeweb.uncoma.edu.ar\/index.php\/2026\/08\/24\/homenaje-a-maria-victoria-salgado-battistessa\/","title":{"rendered":"HOMENAJE A MAR\u00cdA VICTORIA SALGADO BATTISTESSA"},"content":{"rendered":"<p><img fetchpriority=\"high\" decoding=\"async\" class=\"alignnone size-medium wp-image-29079\" src=\"https:\/\/fadeweb.uncoma.edu.ar\/wp-content\/uploads\/2026\/08\/HOMENAJE-A-MARIA-VICTORIA-SALGADO-BATTISTESSA-240x300.jpeg\" alt=\"HOMENAJE A MAR\u00cdA VICTORIA SALGADO BATTISTESSA\" width=\"240\" height=\"300\" srcset=\"https:\/\/fadeweb.uncoma.edu.ar\/wp-content\/uploads\/2026\/08\/HOMENAJE-A-MARIA-VICTORIA-SALGADO-BATTISTESSA-240x300.jpeg 240w, https:\/\/fadeweb.uncoma.edu.ar\/wp-content\/uploads\/2026\/08\/HOMENAJE-A-MARIA-VICTORIA-SALGADO-BATTISTESSA-819x1024.jpeg 819w, https:\/\/fadeweb.uncoma.edu.ar\/wp-content\/uploads\/2026\/08\/HOMENAJE-A-MARIA-VICTORIA-SALGADO-BATTISTESSA-768x960.jpeg 768w, https:\/\/fadeweb.uncoma.edu.ar\/wp-content\/uploads\/2026\/08\/HOMENAJE-A-MARIA-VICTORIA-SALGADO-BATTISTESSA.jpeg 1080w\" sizes=\"(max-width: 240px) 100vw, 240px\" \/><\/p>\n<h3>\u00abPara mantener viva la memoria, por la verdad y la justicia\u00bb<\/h3>\n<p>El encuentro ser\u00e1 el viernes 28 de agosto a las 17 en la ESRN 155, ex Colegio Nacional, ubicada en Mitre 929 de General Roca.<\/p>\n<p>Los organizadores del acto proponen una jornada de desagravio ante el vandalismo cometido contra la baldosa donada por la C\u00e1tedra UNESCO de Derechos Humanos de la UNCo, la que fue colocada el 19 de abril de 2010 en la instituci\u00f3n a la que asisti\u00f3 Mar\u00eda Victoria.<\/p>\n<p>Es fundamental preservar la memoria y recordar a los compa\u00f1eros ausentes. Si los persiguen tras casi 50 a\u00f1os de su desaparici\u00f3n, significa que, a trav\u00e9s de su ejemplo, contin\u00faan transmitiendo el sentido de su lucha e historia.<\/p>\n<p>Mar\u00eda Victoria Salgado Battistessa, militante de la JP y Montoneros, fue desaparecida el 15 de diciembre de 1978 en Buenos Aires a los 22 a\u00f1os. Frente a este atropello e intento de silenciar el pasado, se rinde un homenaje al que acompa\u00f1an organismos de DDHH, la Multisectorial Alto Valle, la comunidad educativa y el p\u00fablico en general.<\/p>\n","protected":false},"excerpt":{"rendered":"<p>\u00abPara mantener viva la memoria, por la verdad y la justicia\u00bb El encuentro ser\u00e1 el viernes 28 de agosto a las 17 en la ESRN 155, ex Colegio Nacional, ubicada en Mitre 929 de General Roca. Los organizadores del acto proponen una jornada de desagravio ante el vandalismo cometido contra la baldosa donada por la [&hellip;]<\/p>\n","protected":false},"author":4,"featured_media":29079,"comment_status":"closed","ping_status":"closed","sticky":false,"template":"","format":"standard","meta":{"footnotes":""},"categories":[5],"tags":[],"class_list":["post-29078","post","type-post","status-publish","format-standard","has-post-thumbnail","hentry","category-notifadecs"],"_links":{"self":[{"href":"https:\/\/fadeweb.uncoma.edu.ar\/index.php\/wp-json\/wp\/v2\/posts\/29078","targetHints":{"allow":["GET"]}}],"collection":[{"href":"https:\/\/fadeweb.uncoma.edu.ar\/index.php\/wp-json\/wp\/v2\/posts"}],"about":[{"href":"https:\/\/fadeweb.uncoma.edu.ar\/index.php\/wp-json\/wp\/v2\/types\/post"}],"author":[{"embeddable":true,"href":"https:\/\/fadeweb.uncoma.edu.ar\/index.php\/wp-json\/wp\/v2\/users\/4"}],"replies":[{"embeddable":true,"href":"https:\/\/fadeweb.uncoma.edu.ar\/index.php\/wp-json\/wp\/v2\/comments?post=29078"}],"version-history":[{"count":1,"href":"https:\/\/fadeweb.uncoma.edu.ar\/index.php\/wp-json\/wp\/v2\/posts\/29078\/revisions"}],"predecessor-version":[{"id":29080,"href":"https:\/\/fadeweb.uncoma.edu.ar\/index.php\/wp-json\/wp\/v2\/posts\/29078\/revisions\/29080"}],"wp:featuredmedia":[{"embeddable":true,"href":"https:\/\/fadeweb.uncoma.edu.ar\/index.php\/wp-json\/wp\/v2\/media\/29079"}],"wp:attachment":[{"href":"https:\/\/fadeweb.uncoma.edu.ar\/index.php\/wp-json\/wp\/v2\/media?parent=29078"}],"wp:term":[{"taxonomy":"category","embeddable":true,"href":"https:\/\/fadeweb.uncoma.edu.ar\/index.php\/wp-json\/wp\/v2\/categories?post=29078"},{"taxonomy":"post_tag","embeddable":true,"href":"https:\/\/fadeweb.uncoma.edu.ar\/index.php\/wp-json\/wp\/v2\/tags?post=29078"}],"curies":[{"name":"wp","href":"https:\/\/api.w.org\/{rel}","templated":true}]}}