{"id":29072,"date":"2026-08-24T12:53:49","date_gmt":"2026-08-24T15:53:49","guid":{"rendered":"https:\/\/fadeweb.uncoma.edu.ar\/?p=29072"},"modified":"2026-08-24T12:53:49","modified_gmt":"2026-08-24T15:53:49","slug":"abierta-la-inscripcion-workshop-26-08-infraestructuras-para-la-vida-cotidiana","status":"publish","type":"post","link":"https:\/\/fadeweb.uncoma.edu.ar\/index.php\/2026\/08\/24\/abierta-la-inscripcion-workshop-26-08-infraestructuras-para-la-vida-cotidiana\/","title":{"rendered":"\u00a1ABIERTA LA INSCRIPCI\u00d3N! WORKSHOP 26.08 | Infraestructuras para la vida cotidiana"},"content":{"rendered":"<p class=\"isSelectedEnd\"><img fetchpriority=\"high\" decoding=\"async\" class=\"alignnone wp-image-29074 size-large\" src=\"https:\/\/fadeweb.uncoma.edu.ar\/wp-content\/uploads\/2026\/08\/Infraestructuras-para-la-vida-cotidiana-1-606x1024.jpg\" alt=\"\u00a1ABIERTA LA INSCRIPCI\u00d3N! \u00b7 WORKSHOP 26.08\n\nInfraestructuras para la vida cotidiana\" width=\"606\" height=\"1024\" srcset=\"https:\/\/fadeweb.uncoma.edu.ar\/wp-content\/uploads\/2026\/08\/Infraestructuras-para-la-vida-cotidiana-1-606x1024.jpg 606w, https:\/\/fadeweb.uncoma.edu.ar\/wp-content\/uploads\/2026\/08\/Infraestructuras-para-la-vida-cotidiana-1-178x300.jpg 178w, https:\/\/fadeweb.uncoma.edu.ar\/wp-content\/uploads\/2026\/08\/Infraestructuras-para-la-vida-cotidiana-1.jpg 609w\" sizes=\"(max-width: 606px) 100vw, 606px\" \/><\/p>\n<p class=\"isSelectedEnd\"><strong>Infraestructuras para la vida cotidiana<\/strong><br \/>\nReflexiones sobre cuidados y formas de estar en la ciudad.<\/p>\n<p class=\"isSelectedEnd\"><strong>Mi\u00e9rcoles 26 de agosto | 16 a 18 hs<\/strong><br \/>\n<strong>Sal\u00f3n Azul de la UNCo, Neuqu\u00e9n<\/strong><br \/>\n<strong>Actividad no arancelada, con inscripci\u00f3n previa. Vacantes limitadas.<\/strong><\/p>\n<p class=\"isSelectedEnd\"><strong>Inscribite ac\u00e1:<\/strong><br \/>\n<a href=\"https:\/\/forms.gle\/KfuwYmXQf23huKs88\" data-rich-text-autolink=\"\">https:\/\/forms.gle\/KfuwYmXQf23huKs88<\/a><\/p>\n<p class=\"isSelectedEnd\">\u00bfQu\u00e9 sostiene nuestra vida cotidiana en la ciudad? Un espacio para pensar, en clave de g\u00e9nero y cuidados, las infraestructuras formales e informales que hacen posible habitar lo urbano: plazas, comedores, centros de salud, redes vecinales, transporte y m\u00e1s.<\/p>\n<p class=\"isSelectedEnd\"><strong>Oradoras<\/strong><\/p>\n<ul data-spread=\"false\">\n<li>Dra. Natalia Czytajlo \u2013 Investigadora Independiente CONICET, Profesora Titular FAU-UNT<\/li>\n<li>Dra. Anabel Beliera \u2013 IPEHCS-CONICET, FADECS-UNCo<\/li>\n<\/ul>\n<p class=\"isSelectedEnd\"><strong>Programa<\/strong><\/p>\n<p class=\"isSelectedEnd\">16:00 | Palabras de apertura<br \/>\n16:15 | Conferencia inaugural: \u00abInfraestructuras del cuidado: repensar lo cotidiano en la ciudad\u00bb<br \/>\n16:45 | Taller: identificar y cartografiar infraestructuras del cuidado<br \/>\n17:15 | Mesa de di\u00e1logo: cuidados, g\u00e9nero y espacio urbano<br \/>\n17:45 | Preguntas e intercambios<br \/>\n18:00 | Cierre y pr\u00f3ximos pasos<\/p>\n<p class=\"isSelectedEnd\"><strong>Dirigido a:<\/strong> docentes, investigadores\/as, estudiantes y profesionales del campo de la arquitectura.<\/p>\n<p class=\"isSelectedEnd\"><strong>Inscripci\u00f3n:<\/strong><br \/>\n<a href=\"https:\/\/forms.gle\/KfuwYmXQf23huKs88\" data-rich-text-autolink=\"\">https:\/\/forms.gle\/KfuwYmXQf23huKs88<\/a><\/p>\n<p class=\"isSelectedEnd\"><strong>Organiza:<\/strong><br \/>\nDepartamento de Posgrado FADECS-UNCo |<br \/>\nPID2 D139 \u00abLa vida social de las infraestructuras\u00bb |<br \/>\nGrupo de Estudios en Historia de la Cultura Material Escolar (IPEHCS-CONICET-UNCo)<\/p>\n<p class=\"isSelectedEnd\"><strong>Avalan y acompa\u00f1an:<\/strong> IPEHCS-CONICET-UNCo<\/p>\n<p><strong>Invita y auspicia:<\/strong> Colegio de Arquitectos de la Provincia del Neuqu\u00e9n<\/p>\n","protected":false},"excerpt":{"rendered":"<p>Infraestructuras para la vida cotidiana Reflexiones sobre cuidados y formas de estar en la ciudad. Mi\u00e9rcoles 26 de agosto | 16 a 18 hs Sal\u00f3n Azul de la UNCo, Neuqu\u00e9n Actividad no arancelada, con inscripci\u00f3n previa. Vacantes limitadas. Inscribite ac\u00e1: https:\/\/forms.gle\/KfuwYmXQf23huKs88 \u00bfQu\u00e9 sostiene nuestra vida cotidiana en la ciudad? Un espacio para pensar, en clave [&hellip;]<\/p>\n","protected":false},"author":4,"featured_media":29074,"comment_status":"closed","ping_status":"closed","sticky":false,"template":"","format":"standard","meta":{"footnotes":""},"categories":[5],"tags":[],"class_list":["post-29072","post","type-post","status-publish","format-standard","has-post-thumbnail","hentry","category-notifadecs"],"_links":{"self":[{"href":"https:\/\/fadeweb.uncoma.edu.ar\/index.php\/wp-json\/wp\/v2\/posts\/29072","targetHints":{"allow":["GET"]}}],"collection":[{"href":"https:\/\/fadeweb.uncoma.edu.ar\/index.php\/wp-json\/wp\/v2\/posts"}],"about":[{"href":"https:\/\/fadeweb.uncoma.edu.ar\/index.php\/wp-json\/wp\/v2\/types\/post"}],"author":[{"embeddable":true,"href":"https:\/\/fadeweb.uncoma.edu.ar\/index.php\/wp-json\/wp\/v2\/users\/4"}],"replies":[{"embeddable":true,"href":"https:\/\/fadeweb.uncoma.edu.ar\/index.php\/wp-json\/wp\/v2\/comments?post=29072"}],"version-history":[{"count":1,"href":"https:\/\/fadeweb.uncoma.edu.ar\/index.php\/wp-json\/wp\/v2\/posts\/29072\/revisions"}],"predecessor-version":[{"id":29075,"href":"https:\/\/fadeweb.uncoma.edu.ar\/index.php\/wp-json\/wp\/v2\/posts\/29072\/revisions\/29075"}],"wp:featuredmedia":[{"embeddable":true,"href":"https:\/\/fadeweb.uncoma.edu.ar\/index.php\/wp-json\/wp\/v2\/media\/29074"}],"wp:attachment":[{"href":"https:\/\/fadeweb.uncoma.edu.ar\/index.php\/wp-json\/wp\/v2\/media?parent=29072"}],"wp:term":[{"taxonomy":"category","embeddable":true,"href":"https:\/\/fadeweb.uncoma.edu.ar\/index.php\/wp-json\/wp\/v2\/categories?post=29072"},{"taxonomy":"post_tag","embeddable":true,"href":"https:\/\/fadeweb.uncoma.edu.ar\/index.php\/wp-json\/wp\/v2\/tags?post=29072"}],"curies":[{"name":"wp","href":"https:\/\/api.w.org\/{rel}","templated":true}]}}