{"id":29040,"date":"2026-08-24T09:55:55","date_gmt":"2026-08-24T12:55:55","guid":{"rendered":"https:\/\/fadeweb.uncoma.edu.ar\/?p=29040"},"modified":"2026-08-24T09:55:55","modified_gmt":"2026-08-24T12:55:55","slug":"estudiantes-representaron-a-la-fadecs-unco-en-el-20-encuentro-de-comunicacion","status":"publish","type":"post","link":"https:\/\/fadeweb.uncoma.edu.ar\/index.php\/2026\/08\/24\/estudiantes-representaron-a-la-fadecs-unco-en-el-20-encuentro-de-comunicacion\/","title":{"rendered":"ESTUDIANTES REPRESENTARON A LA FADECS-UNCO EN EL 20\u00b0 ENCUENTRO DE COMUNICACI\u00d3N"},"content":{"rendered":"<p><img fetchpriority=\"high\" decoding=\"async\" class=\"alignnone wp-image-29041 size-large\" src=\"https:\/\/fadeweb.uncoma.edu.ar\/wp-content\/uploads\/2026\/08\/ESTUDIANTES-REPRESENTARON-A-LA-FADECS-UNCO-EN-EL-20.\u00b0-ENCUENTRO-DE-COMUNICACION-1014x1024.jpeg\" alt=\"ESTUDIANTES REPRESENTARON A LA FADECS-UNCO EN EL 20.\u00b0 ENCUENTRO DE COMUNICACI\u00d3N\" width=\"800\" height=\"808\" srcset=\"https:\/\/fadeweb.uncoma.edu.ar\/wp-content\/uploads\/2026\/08\/ESTUDIANTES-REPRESENTARON-A-LA-FADECS-UNCO-EN-EL-20.\u00b0-ENCUENTRO-DE-COMUNICACION-1014x1024.jpeg 1014w, https:\/\/fadeweb.uncoma.edu.ar\/wp-content\/uploads\/2026\/08\/ESTUDIANTES-REPRESENTARON-A-LA-FADECS-UNCO-EN-EL-20.\u00b0-ENCUENTRO-DE-COMUNICACION-297x300.jpeg 297w, https:\/\/fadeweb.uncoma.edu.ar\/wp-content\/uploads\/2026\/08\/ESTUDIANTES-REPRESENTARON-A-LA-FADECS-UNCO-EN-EL-20.\u00b0-ENCUENTRO-DE-COMUNICACION-768x776.jpeg 768w, https:\/\/fadeweb.uncoma.edu.ar\/wp-content\/uploads\/2026\/08\/ESTUDIANTES-REPRESENTARON-A-LA-FADECS-UNCO-EN-EL-20.\u00b0-ENCUENTRO-DE-COMUNICACION.jpeg 1192w\" sizes=\"(max-width: 800px) 100vw, 800px\" \/><\/p>\n<p>Cinco estudiantes de Comunicaci\u00f3n Social de nuestra casa de estudios viajaron a La Plata para participar, del 14 al 16 de agosto, en el 20.\u00b0 Encuentro de Comunicaci\u00f3n Comunitaria, Alternativa y Popular, organizado por la Red Nacional de Medios Alternativos (<a href=\"https:\/\/rnma.org.ar\/\">https:\/\/rnma.org.ar\/<\/a>).<\/p>\n<p>El grupo estuvo integrado por Glasiel Leal y Guadalupe Garc\u00eda, practicantes rentadas de la radio Antena Libre FM 89.1; y Camila Perello, Agust\u00edn L\u00f3pez y Ezequiel Ohanian, alumnos de segundo a\u00f1o de la Licenciatura en Comunicaci\u00f3n Social, quienes conforman el medio autogestivo Zona Prensa.<\/p>\n<p>El objetivo de su asistencia fue fortalecer la formaci\u00f3n acad\u00e9mico-pr\u00e1ctica e impulsar el intercambio con pares, periodistas y medios del pa\u00eds que promueven el periodismo alternativo.<br \/>\nLa actividad ofreci\u00f3 diversos talleres (<a href=\"https:\/\/www.instagram.com\/p\/Dbn19nWjiwA\/?img_index=1\">https:\/\/www.instagram.com\/p\/Dbn19nWjiwA\/?img_index=1<\/a>) de capacitaci\u00f3n, paneles, conversatorios, visitas guiadas a Sitios de la Memoria por los 50 a\u00f1os del golpe c\u00edvico-militar y un festival cultural de cierre.<\/p>\n","protected":false},"excerpt":{"rendered":"<p>Cinco estudiantes de Comunicaci\u00f3n Social de nuestra casa de estudios viajaron a La Plata para participar, del 14 al 16 de agosto, en el 20.\u00b0 Encuentro de Comunicaci\u00f3n Comunitaria, Alternativa y Popular, organizado por la Red Nacional de Medios Alternativos (https:\/\/rnma.org.ar\/). El grupo estuvo integrado por Glasiel Leal y Guadalupe Garc\u00eda, practicantes rentadas de la [&hellip;]<\/p>\n","protected":false},"author":4,"featured_media":29041,"comment_status":"closed","ping_status":"closed","sticky":false,"template":"","format":"standard","meta":{"footnotes":""},"categories":[5],"tags":[],"class_list":["post-29040","post","type-post","status-publish","format-standard","has-post-thumbnail","hentry","category-notifadecs"],"_links":{"self":[{"href":"https:\/\/fadeweb.uncoma.edu.ar\/index.php\/wp-json\/wp\/v2\/posts\/29040","targetHints":{"allow":["GET"]}}],"collection":[{"href":"https:\/\/fadeweb.uncoma.edu.ar\/index.php\/wp-json\/wp\/v2\/posts"}],"about":[{"href":"https:\/\/fadeweb.uncoma.edu.ar\/index.php\/wp-json\/wp\/v2\/types\/post"}],"author":[{"embeddable":true,"href":"https:\/\/fadeweb.uncoma.edu.ar\/index.php\/wp-json\/wp\/v2\/users\/4"}],"replies":[{"embeddable":true,"href":"https:\/\/fadeweb.uncoma.edu.ar\/index.php\/wp-json\/wp\/v2\/comments?post=29040"}],"version-history":[{"count":1,"href":"https:\/\/fadeweb.uncoma.edu.ar\/index.php\/wp-json\/wp\/v2\/posts\/29040\/revisions"}],"predecessor-version":[{"id":29042,"href":"https:\/\/fadeweb.uncoma.edu.ar\/index.php\/wp-json\/wp\/v2\/posts\/29040\/revisions\/29042"}],"wp:featuredmedia":[{"embeddable":true,"href":"https:\/\/fadeweb.uncoma.edu.ar\/index.php\/wp-json\/wp\/v2\/media\/29041"}],"wp:attachment":[{"href":"https:\/\/fadeweb.uncoma.edu.ar\/index.php\/wp-json\/wp\/v2\/media?parent=29040"}],"wp:term":[{"taxonomy":"category","embeddable":true,"href":"https:\/\/fadeweb.uncoma.edu.ar\/index.php\/wp-json\/wp\/v2\/categories?post=29040"},{"taxonomy":"post_tag","embeddable":true,"href":"https:\/\/fadeweb.uncoma.edu.ar\/index.php\/wp-json\/wp\/v2\/tags?post=29040"}],"curies":[{"name":"wp","href":"https:\/\/api.w.org\/{rel}","templated":true}]}}