{"id":29037,"date":"2026-08-24T09:52:13","date_gmt":"2026-08-24T12:52:13","guid":{"rendered":"https:\/\/fadeweb.uncoma.edu.ar\/?p=29037"},"modified":"2026-08-24T09:52:13","modified_gmt":"2026-08-24T12:52:13","slug":"el-museo-recibio-la-donacion-de-un-importante-acervo-fotografico","status":"publish","type":"post","link":"https:\/\/fadeweb.uncoma.edu.ar\/index.php\/2026\/08\/24\/el-museo-recibio-la-donacion-de-un-importante-acervo-fotografico\/","title":{"rendered":"EL MUSEO RECIBI\u00d3 LA DONACI\u00d3N DE UN IMPORTANTE ACERVO FOTOGR\u00c1FICO"},"content":{"rendered":"<p><img fetchpriority=\"high\" decoding=\"async\" class=\"alignnone wp-image-29038 size-large\" src=\"https:\/\/fadeweb.uncoma.edu.ar\/wp-content\/uploads\/2026\/08\/MUSEO6-819x1024.jpg\" alt=\"EL MUSEO RECIBI\u00d3 LA DONACI\u00d3N DE UN IMPORTANTE ACERVO FOTOGR\u00c1FICO\" width=\"800\" height=\"1000\" srcset=\"https:\/\/fadeweb.uncoma.edu.ar\/wp-content\/uploads\/2026\/08\/MUSEO6-819x1024.jpg 819w, https:\/\/fadeweb.uncoma.edu.ar\/wp-content\/uploads\/2026\/08\/MUSEO6-240x300.jpg 240w, https:\/\/fadeweb.uncoma.edu.ar\/wp-content\/uploads\/2026\/08\/MUSEO6-768x960.jpg 768w, https:\/\/fadeweb.uncoma.edu.ar\/wp-content\/uploads\/2026\/08\/MUSEO6.jpg 1080w\" sizes=\"(max-width: 800px) 100vw, 800px\" \/><\/p>\n<p>Juan y Maril\u00fa, hijos de Juan Villarruel, fot\u00f3grafo hist\u00f3rico del diario R\u00edo Negro, donaron archivos fotogr\u00e1ficos y equipamiento al Museo de la Comunicaci\u00f3n Regional, dependiente de la Universidad Nacional del Comahue. El material deber\u00e1 pasar por una etapa de evaluaci\u00f3n, inventario y digitalizaci\u00f3n, tras lo cual se pondr\u00e1 a disposici\u00f3n del p\u00fablico. La donaci\u00f3n cumple con la voluntad de Juan de que este valioso material forme parte del museo y pueda ser utilizado para preservar la memoria y educar a las nuevas generaciones de comunicadores de la FADECS. Juan fue un gran colaborador del MCR desde sus inicios e incluso figura en sus materiales una entrevista realizada hace seis a\u00f1os.<\/p>\n<p>Entre los archivos figuran negativos de fotograf\u00eda que retratan hechos hist\u00f3ricos del Alto Valle en los \u00faltimos 65 a\u00f1os. Tambi\u00e9n fueron cedidos equipos fotogr\u00e1ficos, como c\u00e1maras y ampliadoras, adem\u00e1s de radios y un grabador de cinta abierta. Juan Villarruel, quien falleci\u00f3 en marzo de este a\u00f1o, fue uno de los reporteros gr\u00e1ficos emblem\u00e1ticos de la Patagonia y un referente hist\u00f3rico del diario R\u00edo Negro, donde trabaj\u00f3 durante m\u00e1s de tres d\u00e9cadas.<\/p>\n<p>Antes de consolidarse detr\u00e1s de la lente, la vida de Villarruel estuvo marcada por el esfuerzo pues, tras perder a su padre a los 9 a\u00f1os en un accidente vial, tuvo que salir a trabajar. A lo largo de su juventud fue chacarero, verdulero, camionero, zapatero e incluso boxeador. Sus primeros pasos en la fotograf\u00eda los dio en la plaza de General Roca junto a Jos\u00e9 Ramos, un hist\u00f3rico \u00abfot\u00f3grafo placero\u00bb. Con \u00e9l aprendi\u00f3 el oficio de manera completamente manual, como calcular distancias, usar el diafragma y administrar la luz natural.<\/p>\n<p>Juan ingres\u00f3 al diario R\u00edo Negro en 1962 y se jubil\u00f3 en 1994, etapa que \u00e9l mismo defin\u00eda como \u00ablos mejores a\u00f1os de su vida\u00bb, seg\u00fan declar\u00f3 en una entrevista al mismo diario. Su consolidaci\u00f3n en el fotoperiodismo lleg\u00f3 cuando, ante un accidente ocurrido el 12 de noviembre de 1963, tom\u00f3 una c\u00e1mara del diario y logr\u00f3 las fotos que se publicaron al d\u00eda siguiente, marcando el inicio de su extensa carrera. Durante su paso por la redacci\u00f3n, fue testigo de la evoluci\u00f3n tecnol\u00f3gica en el medio. Empez\u00f3 preparando \u00e9l mismo la emulsi\u00f3n para los negativos en placas de vidrio, revelaba a mano y lleg\u00f3 a presenciar la primera etapa de la era digital.<\/p>\n<p>Entre sus trabajos se destacan la huelga de El Choc\u00f3n en 1969 y el denominado Rocazo en 1972. En lo profesional, m\u00e1s all\u00e1 del archivo documental que dej\u00f3 en el diario, marc\u00f3 a generaciones de fot\u00f3grafos como C\u00e9sar Izza, quien reconoci\u00f3 en \u00e9l a un \u00abmaestro\u00bb, destacando su generosidad para transmitir los secretos del fotoperiodismo en la regi\u00f3n.<\/p>\n","protected":false},"excerpt":{"rendered":"<p>Juan y Maril\u00fa, hijos de Juan Villarruel, fot\u00f3grafo hist\u00f3rico del diario R\u00edo Negro, donaron archivos fotogr\u00e1ficos y equipamiento al Museo de la Comunicaci\u00f3n Regional, dependiente de la Universidad Nacional del Comahue. El material deber\u00e1 pasar por una etapa de evaluaci\u00f3n, inventario y digitalizaci\u00f3n, tras lo cual se pondr\u00e1 a disposici\u00f3n del p\u00fablico. La donaci\u00f3n cumple [&hellip;]<\/p>\n","protected":false},"author":4,"featured_media":29038,"comment_status":"closed","ping_status":"closed","sticky":false,"template":"","format":"standard","meta":{"footnotes":""},"categories":[5],"tags":[],"class_list":["post-29037","post","type-post","status-publish","format-standard","has-post-thumbnail","hentry","category-notifadecs"],"_links":{"self":[{"href":"https:\/\/fadeweb.uncoma.edu.ar\/index.php\/wp-json\/wp\/v2\/posts\/29037","targetHints":{"allow":["GET"]}}],"collection":[{"href":"https:\/\/fadeweb.uncoma.edu.ar\/index.php\/wp-json\/wp\/v2\/posts"}],"about":[{"href":"https:\/\/fadeweb.uncoma.edu.ar\/index.php\/wp-json\/wp\/v2\/types\/post"}],"author":[{"embeddable":true,"href":"https:\/\/fadeweb.uncoma.edu.ar\/index.php\/wp-json\/wp\/v2\/users\/4"}],"replies":[{"embeddable":true,"href":"https:\/\/fadeweb.uncoma.edu.ar\/index.php\/wp-json\/wp\/v2\/comments?post=29037"}],"version-history":[{"count":1,"href":"https:\/\/fadeweb.uncoma.edu.ar\/index.php\/wp-json\/wp\/v2\/posts\/29037\/revisions"}],"predecessor-version":[{"id":29039,"href":"https:\/\/fadeweb.uncoma.edu.ar\/index.php\/wp-json\/wp\/v2\/posts\/29037\/revisions\/29039"}],"wp:featuredmedia":[{"embeddable":true,"href":"https:\/\/fadeweb.uncoma.edu.ar\/index.php\/wp-json\/wp\/v2\/media\/29038"}],"wp:attachment":[{"href":"https:\/\/fadeweb.uncoma.edu.ar\/index.php\/wp-json\/wp\/v2\/media?parent=29037"}],"wp:term":[{"taxonomy":"category","embeddable":true,"href":"https:\/\/fadeweb.uncoma.edu.ar\/index.php\/wp-json\/wp\/v2\/categories?post=29037"},{"taxonomy":"post_tag","embeddable":true,"href":"https:\/\/fadeweb.uncoma.edu.ar\/index.php\/wp-json\/wp\/v2\/tags?post=29037"}],"curies":[{"name":"wp","href":"https:\/\/api.w.org\/{rel}","templated":true}]}}