{"id":2885,"date":"2014-10-27T14:48:19","date_gmt":"2014-10-27T14:48:19","guid":{"rendered":"http:\/\/web.fadecs.uncoma.edu.ar\/?p=2885"},"modified":"2022-10-11T20:02:22","modified_gmt":"2022-10-11T23:02:22","slug":"se-reflexiona-sobre-la-construccion-del-conocimiento-como-practica-de-jovenes-investigadores-en-la-fadecs","status":"publish","type":"post","link":"https:\/\/fadeweb.uncoma.edu.ar\/index.php\/2014\/10\/27\/se-reflexiona-sobre-la-construccion-del-conocimiento-como-practica-de-jovenes-investigadores-en-la-fadecs\/","title":{"rendered":"SE REFLEXIONA SOBRE LA CONSTRUCCI\u00d3N DEL CONOCIMIENTO COMO PR\u00c1CTICA DE J\u00d3VENES INVESTIGADORES EN LA FADECS"},"content":{"rendered":"<p><a href=\"https:\/\/fadeweb.uncoma.edu.ar\/wp-content\/uploads\/2022\/09\/jovenesinvest.jpg\"><img fetchpriority=\"high\" decoding=\"async\" class=\"alignright wp-image-2886 size-large\" src=\"https:\/\/fadeweb.uncoma.edu.ar\/wp-content\/uploads\/2022\/09\/jovenesinvest-683x1024.jpg\" alt=\"\" width=\"683\" height=\"1024\" srcset=\"https:\/\/fadeweb.uncoma.edu.ar\/wp-content\/uploads\/2022\/09\/jovenesinvest-683x1024.jpg 683w, https:\/\/fadeweb.uncoma.edu.ar\/wp-content\/uploads\/2022\/09\/jovenesinvest-200x300.jpg 200w, https:\/\/fadeweb.uncoma.edu.ar\/wp-content\/uploads\/2022\/09\/jovenesinvest-768x1152.jpg 768w, https:\/\/fadeweb.uncoma.edu.ar\/wp-content\/uploads\/2022\/09\/jovenesinvest.jpg 1000w\" sizes=\"(max-width: 683px) 100vw, 683px\" \/><\/a>Las I Jornadas de Estudiantes y J\u00f3venes Investigadores \u201cReflexionando el oficio de investigar\u201d, se realizar\u00e1n el <strong>27 y 28 de noviembre<\/strong> en la Facultad de Derecho y Ciencias Sociales de la Universidad Nacional del Comahue, en la ciudad de General Roca. Est\u00e1 dirigido a estudiantes y j\u00f3venes investigadores (estudiantes de grado, graduados, becarios y tesistas), quienes podr\u00e1n participar como asistentes y\/o expositores.<\/p>\n<p>Las jornadas son de car\u00e1cter abierto seg\u00fan informaron desde la organizaci\u00f3n, que integran la Carrera de Sociolog\u00eda, el Departamento de Ciencias Pol\u00edticas y Sociales y el Departamento de Comunicaci\u00f3n Social de la FADECS, entre otros. \u00abEl objetivo principal es generar un espacio de intercambio cr\u00edtico que nos permita conocer, reflexionar y compartir las posibilidades y desaf\u00edos propios de la tarea de investigar, en relaci\u00f3n con el contexto de investigaci\u00f3n y las condiciones de producci\u00f3n de conocimiento en Ciencias Sociales\u00bb, indicaron.<\/p>\n<p>Desde la organizaci\u00f3n se inform\u00f3 que la participaci\u00f3n e inscripci\u00f3n es sin costo.<strong> La fecha l\u00edmite para la presentaci\u00f3n del resumen expandido es el 15 de noviembre.<\/strong><\/p>\n<p><a href=\"https:\/\/fadeweb.uncoma.edu.ar\/wp-content\/uploads\/2014\/11\/JornadasIntercatedrasdeJovenesInvestigadorxs.doc\">Acceder al programa<\/a><\/p>\n","protected":false},"excerpt":{"rendered":"<p>Las I Jornadas de Estudiantes y J\u00f3venes Investigadores \u201cReflexionando el oficio de investigar\u201d, se realizar\u00e1n el 27 y 28 de noviembre en la Facultad de Derecho y Ciencias Sociales de la Universidad Nacional del Comahue, en la ciudad de General Roca. Est\u00e1 dirigido a estudiantes y j\u00f3venes investigadores (estudiantes de grado, graduados, becarios y tesistas), [&hellip;]<\/p>\n","protected":false},"author":2,"featured_media":2886,"comment_status":"open","ping_status":"open","sticky":false,"template":"","format":"standard","meta":{"footnotes":""},"categories":[9,5],"tags":[],"class_list":["post-2885","post","type-post","status-publish","format-standard","has-post-thumbnail","hentry","category-9","category-notifadecs"],"_links":{"self":[{"href":"https:\/\/fadeweb.uncoma.edu.ar\/index.php\/wp-json\/wp\/v2\/posts\/2885","targetHints":{"allow":["GET"]}}],"collection":[{"href":"https:\/\/fadeweb.uncoma.edu.ar\/index.php\/wp-json\/wp\/v2\/posts"}],"about":[{"href":"https:\/\/fadeweb.uncoma.edu.ar\/index.php\/wp-json\/wp\/v2\/types\/post"}],"author":[{"embeddable":true,"href":"https:\/\/fadeweb.uncoma.edu.ar\/index.php\/wp-json\/wp\/v2\/users\/2"}],"replies":[{"embeddable":true,"href":"https:\/\/fadeweb.uncoma.edu.ar\/index.php\/wp-json\/wp\/v2\/comments?post=2885"}],"version-history":[{"count":1,"href":"https:\/\/fadeweb.uncoma.edu.ar\/index.php\/wp-json\/wp\/v2\/posts\/2885\/revisions"}],"predecessor-version":[{"id":7156,"href":"https:\/\/fadeweb.uncoma.edu.ar\/index.php\/wp-json\/wp\/v2\/posts\/2885\/revisions\/7156"}],"wp:featuredmedia":[{"embeddable":true,"href":"https:\/\/fadeweb.uncoma.edu.ar\/index.php\/wp-json\/wp\/v2\/media\/2886"}],"wp:attachment":[{"href":"https:\/\/fadeweb.uncoma.edu.ar\/index.php\/wp-json\/wp\/v2\/media?parent=2885"}],"wp:term":[{"taxonomy":"category","embeddable":true,"href":"https:\/\/fadeweb.uncoma.edu.ar\/index.php\/wp-json\/wp\/v2\/categories?post=2885"},{"taxonomy":"post_tag","embeddable":true,"href":"https:\/\/fadeweb.uncoma.edu.ar\/index.php\/wp-json\/wp\/v2\/tags?post=2885"}],"curies":[{"name":"wp","href":"https:\/\/api.w.org\/{rel}","templated":true}]}}