{"id":28024,"date":"2026-04-27T13:20:48","date_gmt":"2026-04-27T16:20:48","guid":{"rendered":"https:\/\/fadeweb.uncoma.edu.ar\/?p=28024"},"modified":"2026-04-27T13:20:48","modified_gmt":"2026-04-27T16:20:48","slug":"fadecs-rechaza-modificaciones-a-la-ley-de-glaciares-por-regresion-en-materia-ambiental","status":"publish","type":"post","link":"https:\/\/fadeweb.uncoma.edu.ar\/index.php\/2026\/04\/27\/fadecs-rechaza-modificaciones-a-la-ley-de-glaciares-por-regresion-en-materia-ambiental\/","title":{"rendered":"FADECS RECHAZA MODIFICACIONES A LA LEY DE GLACIARES POR REGRESI\u00d3N EN MATERIA AMBIENTAL"},"content":{"rendered":"<p><img fetchpriority=\"high\" decoding=\"async\" class=\"alignnone wp-image-28025 size-large\" src=\"https:\/\/fadeweb.uncoma.edu.ar\/wp-content\/uploads\/2026\/04\/LEY-DE-GLACIARES-819x1024.jpg\" alt=\"FADECS RECHAZA MODIFICACIONES A LA LEY DE GLACIARES POR REGRESI\u00d3N EN MATERIA AMBIENTAL\" width=\"800\" height=\"1000\" srcset=\"https:\/\/fadeweb.uncoma.edu.ar\/wp-content\/uploads\/2026\/04\/LEY-DE-GLACIARES-819x1024.jpg 819w, https:\/\/fadeweb.uncoma.edu.ar\/wp-content\/uploads\/2026\/04\/LEY-DE-GLACIARES-240x300.jpg 240w, https:\/\/fadeweb.uncoma.edu.ar\/wp-content\/uploads\/2026\/04\/LEY-DE-GLACIARES-768x960.jpg 768w, https:\/\/fadeweb.uncoma.edu.ar\/wp-content\/uploads\/2026\/04\/LEY-DE-GLACIARES.jpg 1080w\" sizes=\"(max-width: 800px) 100vw, 800px\" \/><\/p>\n<p>El Consejo Directivo de la Facultad de Derecho y Ciencias Sociales rechaz\u00f3 la reforma de la Ley Nacional 26.639 de Glaciares, dado que significa una regresi\u00f3n en los est\u00e1ndares de protecci\u00f3n ambiental vigentes poniendo en peligro el agua y la salud de miles de personas, suponiendo el avance del extractivismo, la contaminaci\u00f3n y la desigualdad (Resoluci\u00f3n 0069\/2026.<\/p>\n<p><a href=\"https:\/\/fadeweb.uncoma.edu.ar\/wp-content\/uploads\/2026\/04\/RES.-069-2026-Declaracion-por-la-Ley-de-Glaciares.pdf\">RES. 069-2026 Declaracion por la Ley de Glaciares<\/a><\/p>\n","protected":false},"excerpt":{"rendered":"<p>El Consejo Directivo de la Facultad de Derecho y Ciencias Sociales rechaz\u00f3 la reforma de la Ley Nacional 26.639 de Glaciares, dado que significa una regresi\u00f3n en los est\u00e1ndares de protecci\u00f3n ambiental vigentes poniendo en peligro el agua y la salud de miles de personas, suponiendo el avance del extractivismo, la contaminaci\u00f3n y la desigualdad [&hellip;]<\/p>\n","protected":false},"author":4,"featured_media":28025,"comment_status":"closed","ping_status":"closed","sticky":false,"template":"","format":"standard","meta":{"footnotes":""},"categories":[5],"tags":[],"class_list":["post-28024","post","type-post","status-publish","format-standard","has-post-thumbnail","hentry","category-notifadecs"],"_links":{"self":[{"href":"https:\/\/fadeweb.uncoma.edu.ar\/index.php\/wp-json\/wp\/v2\/posts\/28024","targetHints":{"allow":["GET"]}}],"collection":[{"href":"https:\/\/fadeweb.uncoma.edu.ar\/index.php\/wp-json\/wp\/v2\/posts"}],"about":[{"href":"https:\/\/fadeweb.uncoma.edu.ar\/index.php\/wp-json\/wp\/v2\/types\/post"}],"author":[{"embeddable":true,"href":"https:\/\/fadeweb.uncoma.edu.ar\/index.php\/wp-json\/wp\/v2\/users\/4"}],"replies":[{"embeddable":true,"href":"https:\/\/fadeweb.uncoma.edu.ar\/index.php\/wp-json\/wp\/v2\/comments?post=28024"}],"version-history":[{"count":1,"href":"https:\/\/fadeweb.uncoma.edu.ar\/index.php\/wp-json\/wp\/v2\/posts\/28024\/revisions"}],"predecessor-version":[{"id":28027,"href":"https:\/\/fadeweb.uncoma.edu.ar\/index.php\/wp-json\/wp\/v2\/posts\/28024\/revisions\/28027"}],"wp:featuredmedia":[{"embeddable":true,"href":"https:\/\/fadeweb.uncoma.edu.ar\/index.php\/wp-json\/wp\/v2\/media\/28025"}],"wp:attachment":[{"href":"https:\/\/fadeweb.uncoma.edu.ar\/index.php\/wp-json\/wp\/v2\/media?parent=28024"}],"wp:term":[{"taxonomy":"category","embeddable":true,"href":"https:\/\/fadeweb.uncoma.edu.ar\/index.php\/wp-json\/wp\/v2\/categories?post=28024"},{"taxonomy":"post_tag","embeddable":true,"href":"https:\/\/fadeweb.uncoma.edu.ar\/index.php\/wp-json\/wp\/v2\/tags?post=28024"}],"curies":[{"name":"wp","href":"https:\/\/api.w.org\/{rel}","templated":true}]}}