{"id":27982,"date":"2026-04-22T09:53:50","date_gmt":"2026-04-22T12:53:50","guid":{"rendered":"https:\/\/fadeweb.uncoma.edu.ar\/?p=27982"},"modified":"2026-04-22T09:53:50","modified_gmt":"2026-04-22T12:53:50","slug":"condolencias-por-el-fallecimiento-de-la-profesora-e-investigadora-sandra-poliszuk","status":"publish","type":"post","link":"https:\/\/fadeweb.uncoma.edu.ar\/index.php\/2026\/04\/22\/condolencias-por-el-fallecimiento-de-la-profesora-e-investigadora-sandra-poliszuk\/","title":{"rendered":"CONDOLENCIAS POR EL FALLECIMIENTO DE LA PROFESORA E INVESTIGADORA SANDRA POLISZUK"},"content":{"rendered":"<p><img fetchpriority=\"high\" decoding=\"async\" class=\"alignnone wp-image-27983 size-full\" src=\"https:\/\/fadeweb.uncoma.edu.ar\/wp-content\/uploads\/2026\/04\/Sandra-Poliszuk.jpg\" alt=\"CONDOLENCIAS POR EL FALLECIMIENTO DE LA PROFESORA E INVESTIGADORA SANDRA POLISZUK\" width=\"456\" height=\"596\" srcset=\"https:\/\/fadeweb.uncoma.edu.ar\/wp-content\/uploads\/2026\/04\/Sandra-Poliszuk.jpg 456w, https:\/\/fadeweb.uncoma.edu.ar\/wp-content\/uploads\/2026\/04\/Sandra-Poliszuk-230x300.jpg 230w\" sizes=\"(max-width: 456px) 100vw, 456px\" \/><\/p>\n<p>El Departamento de Comunicaci\u00f3n Social y la Maestr\u00eda en Comunicaci\u00f3n y Cultura de la FADECS lamentan el fallecimiento de la profesora Sandra Poliszuk.<\/p>\n<p>Sandra fue profesora e investigadora en Viedma, tanto en la Universidad Nacional del Comahue como en la Universidad Nacional de R\u00edo Negro.<\/p>\n<p>Como referente destacada de Comunicaci\u00f3n Social en la Patagonia, siempre estuvo muy ligada a la Facultad de Derecho y Ciencias Sociales. Fue docente de la Maestr\u00eda en Comunicaci\u00f3n y Cultura que se dicta en la FADECS, en un curso sobre Juventudes, Comunicaci\u00f3n Medi\u00e1tica y Participaci\u00f3n Juvenil.<\/p>\n<p>En la FADECS, ha participado en numerosas ocasiones en tribunales de concursos, de tesis y en investigaciones conjuntas desarrolladas con docentes e investigadorxs locales, as\u00ed como tambi\u00e9n en publicaciones y trabajos en congresos.<\/p>\n<p>Siempre generosa, c\u00e1lida, activa y comprometida, Sandra nos deja, adem\u00e1s de sus aportes acad\u00e9micos en el campo de la Comunicaci\u00f3n, un recuerdo personal muy afectuoso para quienes la conocieron y trataron en la comunidad de la FADECS.<\/p>\n","protected":false},"excerpt":{"rendered":"<p>El Departamento de Comunicaci\u00f3n Social y la Maestr\u00eda en Comunicaci\u00f3n y Cultura de la FADECS lamentan el fallecimiento de la profesora Sandra Poliszuk. Sandra fue profesora e investigadora en Viedma, tanto en la Universidad Nacional del Comahue como en la Universidad Nacional de R\u00edo Negro. Como referente destacada de Comunicaci\u00f3n Social en la Patagonia, siempre [&hellip;]<\/p>\n","protected":false},"author":4,"featured_media":27983,"comment_status":"closed","ping_status":"closed","sticky":false,"template":"","format":"standard","meta":{"footnotes":""},"categories":[5],"tags":[],"class_list":["post-27982","post","type-post","status-publish","format-standard","has-post-thumbnail","hentry","category-notifadecs"],"_links":{"self":[{"href":"https:\/\/fadeweb.uncoma.edu.ar\/index.php\/wp-json\/wp\/v2\/posts\/27982","targetHints":{"allow":["GET"]}}],"collection":[{"href":"https:\/\/fadeweb.uncoma.edu.ar\/index.php\/wp-json\/wp\/v2\/posts"}],"about":[{"href":"https:\/\/fadeweb.uncoma.edu.ar\/index.php\/wp-json\/wp\/v2\/types\/post"}],"author":[{"embeddable":true,"href":"https:\/\/fadeweb.uncoma.edu.ar\/index.php\/wp-json\/wp\/v2\/users\/4"}],"replies":[{"embeddable":true,"href":"https:\/\/fadeweb.uncoma.edu.ar\/index.php\/wp-json\/wp\/v2\/comments?post=27982"}],"version-history":[{"count":1,"href":"https:\/\/fadeweb.uncoma.edu.ar\/index.php\/wp-json\/wp\/v2\/posts\/27982\/revisions"}],"predecessor-version":[{"id":27984,"href":"https:\/\/fadeweb.uncoma.edu.ar\/index.php\/wp-json\/wp\/v2\/posts\/27982\/revisions\/27984"}],"wp:featuredmedia":[{"embeddable":true,"href":"https:\/\/fadeweb.uncoma.edu.ar\/index.php\/wp-json\/wp\/v2\/media\/27983"}],"wp:attachment":[{"href":"https:\/\/fadeweb.uncoma.edu.ar\/index.php\/wp-json\/wp\/v2\/media?parent=27982"}],"wp:term":[{"taxonomy":"category","embeddable":true,"href":"https:\/\/fadeweb.uncoma.edu.ar\/index.php\/wp-json\/wp\/v2\/categories?post=27982"},{"taxonomy":"post_tag","embeddable":true,"href":"https:\/\/fadeweb.uncoma.edu.ar\/index.php\/wp-json\/wp\/v2\/tags?post=27982"}],"curies":[{"name":"wp","href":"https:\/\/api.w.org\/{rel}","templated":true}]}}