{"id":2789,"date":"2014-10-03T13:17:10","date_gmt":"2014-10-03T13:17:10","guid":{"rendered":"http:\/\/web.fadecs.uncoma.edu.ar\/?p=2789"},"modified":"2022-10-11T20:08:51","modified_gmt":"2022-10-11T23:08:51","slug":"se-resuelve-suspension-de-cursadas-para-facilitar-concurrencia-a-asamblea","status":"publish","type":"post","link":"https:\/\/fadeweb.uncoma.edu.ar\/index.php\/2014\/10\/03\/se-resuelve-suspension-de-cursadas-para-facilitar-concurrencia-a-asamblea\/","title":{"rendered":"SE RESUELVE SUSPENSI\u00d3N DE CURSADAS PARA FACILITAR CONCURRENCIA A ASAMBLEA"},"content":{"rendered":"<p>El decano de la Facultad de Derecho y Ciencias Sociales, Carlos Pescader, resolvi\u00f3 la suspensi\u00f3n del dictado de las cursadas de las Carreras de Comunicaci\u00f3n Social, de 17 a 20 h, el 7 de octubre de 2014. La medida se tom\u00f3 para que los estudiantes puedan asistir a la segunda asamblea donde se tratar\u00e1 la revisi\u00f3n y reformulaci\u00f3n del\/los Plan\/es de Estudio vigente\/s <a href=\"https:\/\/fadeweb.uncoma.edu.ar\/wp-content\/uploads\/2014\/10\/res-0491-2014.pdf\">(Resoluci\u00f3n 0491\/2014).<\/a><\/p>\n<figure id=\"attachment_2790\" aria-describedby=\"caption-attachment-2790\" style=\"width: 699px\" class=\"wp-caption aligncenter\"><a href=\"https:\/\/fadeweb.uncoma.edu.ar\/wp-content\/uploads\/2014\/10\/res-0491-2014.pdf\"><img fetchpriority=\"high\" decoding=\"async\" class=\"wp-image-2790 size-large\" src=\"https:\/\/fadeweb.uncoma.edu.ar\/wp-content\/uploads\/2022\/09\/suspensionclases-699x1024.jpg\" alt=\"\" width=\"699\" height=\"1024\" srcset=\"https:\/\/fadeweb.uncoma.edu.ar\/wp-content\/uploads\/2022\/09\/suspensionclases-699x1024.jpg 699w, https:\/\/fadeweb.uncoma.edu.ar\/wp-content\/uploads\/2022\/09\/suspensionclases-205x300.jpg 205w, https:\/\/fadeweb.uncoma.edu.ar\/wp-content\/uploads\/2022\/09\/suspensionclases-768x1124.jpg 768w, https:\/\/fadeweb.uncoma.edu.ar\/wp-content\/uploads\/2022\/09\/suspensionclases.jpg 1000w\" sizes=\"(max-width: 699px) 100vw, 699px\" \/><\/a><figcaption id=\"caption-attachment-2790\" class=\"wp-caption-text\">Image converted to PDF format.<\/figcaption><\/figure>\n<p>&nbsp;<\/p>\n","protected":false},"excerpt":{"rendered":"<p>El decano de la Facultad de Derecho y Ciencias Sociales, Carlos Pescader, resolvi\u00f3 la suspensi\u00f3n del dictado de las cursadas de las Carreras de Comunicaci\u00f3n Social, de 17 a 20 h, el 7 de octubre de 2014. La medida se tom\u00f3 para que los estudiantes puedan asistir a la segunda asamblea donde se tratar\u00e1 la [&hellip;]<\/p>\n","protected":false},"author":2,"featured_media":2790,"comment_status":"open","ping_status":"open","sticky":false,"template":"","format":"standard","meta":{"footnotes":""},"categories":[9,5],"tags":[],"class_list":["post-2789","post","type-post","status-publish","format-standard","has-post-thumbnail","hentry","category-9","category-notifadecs"],"_links":{"self":[{"href":"https:\/\/fadeweb.uncoma.edu.ar\/index.php\/wp-json\/wp\/v2\/posts\/2789","targetHints":{"allow":["GET"]}}],"collection":[{"href":"https:\/\/fadeweb.uncoma.edu.ar\/index.php\/wp-json\/wp\/v2\/posts"}],"about":[{"href":"https:\/\/fadeweb.uncoma.edu.ar\/index.php\/wp-json\/wp\/v2\/types\/post"}],"author":[{"embeddable":true,"href":"https:\/\/fadeweb.uncoma.edu.ar\/index.php\/wp-json\/wp\/v2\/users\/2"}],"replies":[{"embeddable":true,"href":"https:\/\/fadeweb.uncoma.edu.ar\/index.php\/wp-json\/wp\/v2\/comments?post=2789"}],"version-history":[{"count":2,"href":"https:\/\/fadeweb.uncoma.edu.ar\/index.php\/wp-json\/wp\/v2\/posts\/2789\/revisions"}],"predecessor-version":[{"id":7170,"href":"https:\/\/fadeweb.uncoma.edu.ar\/index.php\/wp-json\/wp\/v2\/posts\/2789\/revisions\/7170"}],"wp:featuredmedia":[{"embeddable":true,"href":"https:\/\/fadeweb.uncoma.edu.ar\/index.php\/wp-json\/wp\/v2\/media\/2790"}],"wp:attachment":[{"href":"https:\/\/fadeweb.uncoma.edu.ar\/index.php\/wp-json\/wp\/v2\/media?parent=2789"}],"wp:term":[{"taxonomy":"category","embeddable":true,"href":"https:\/\/fadeweb.uncoma.edu.ar\/index.php\/wp-json\/wp\/v2\/categories?post=2789"},{"taxonomy":"post_tag","embeddable":true,"href":"https:\/\/fadeweb.uncoma.edu.ar\/index.php\/wp-json\/wp\/v2\/tags?post=2789"}],"curies":[{"name":"wp","href":"https:\/\/api.w.org\/{rel}","templated":true}]}}