{"id":2783,"date":"2014-10-01T12:40:34","date_gmt":"2014-10-01T12:40:34","guid":{"rendered":"http:\/\/web.fadecs.uncoma.edu.ar\/?p=2783"},"modified":"2014-10-01T12:40:34","modified_gmt":"2014-10-01T12:40:34","slug":"debaten-en-la-fadecs-los-nuevos-desafios-y-paradigmas-laborales-que-genera-la-ley-de-medios","status":"publish","type":"post","link":"https:\/\/fadeweb.uncoma.edu.ar\/index.php\/2014\/10\/01\/debaten-en-la-fadecs-los-nuevos-desafios-y-paradigmas-laborales-que-genera-la-ley-de-medios\/","title":{"rendered":"DEBATEN EN LA FADECS LOS NUEVOS DESAF\u00cdOS Y PARADIGMAS LABORALES QUE GENERA LA LEY DE MEDIOS"},"content":{"rendered":"<p class=\"texto\"><img fetchpriority=\"high\" decoding=\"async\" class=\"alignright wp-image-2784 size-full\" src=\"https:\/\/fadeweb.uncoma.edu.ar\/wp-content\/uploads\/2022\/09\/afsca.jpg\" alt=\"\" width=\"983\" height=\"700\" srcset=\"https:\/\/fadeweb.uncoma.edu.ar\/wp-content\/uploads\/2022\/09\/afsca.jpg 983w, https:\/\/fadeweb.uncoma.edu.ar\/wp-content\/uploads\/2022\/09\/afsca-300x214.jpg 300w, https:\/\/fadeweb.uncoma.edu.ar\/wp-content\/uploads\/2022\/09\/afsca-768x547.jpg 768w\" sizes=\"(max-width: 983px) 100vw, 983px\" \/>Medio centenar de estudiantes, docentes universitarios, periodistas, comunicadores y radiodifusores del Alto Valle de R\u00edo Negro y Neuqu\u00e9n participaron ayer del ciclo de debate \u00abNuevos Desaf\u00edos y Paradigmas Laborales a partir de la implementaci\u00f3n de la Ley de Servicios de Comunicaci\u00f3n Audiovisual\u00bb que se desarroll\u00f3 en la sala auditorio de la Facultad de Derecho y Ciencias Sociales (FADECS) de la Universidad del Comahue, con la presencia de autoridades universitarias, referentes de productoras y radios comunitarias y funcionarios de la Autoridad Federal de Servicios de Comunicaci\u00f3n Audiovisual (AFSCA).<\/p>\n<p class=\"texto\">El ciclo de charlas dirigido a estudiantes de carreras afines a la comunicaci\u00f3n audiovisual se encuentra recorriendo las universidades p\u00fablicas nacionales de todo el pa\u00eds y en esta oportunidad incluy\u00f3 experiencias regionales y un espacio de debate.<\/p>\n<p class=\"texto\">La apertura de la charla estuvo a cargo de Carlos Pescader, decano de la FADECS; Pierino Porrino y Eduardo Fuentes coordinadores de las Delegaciones R\u00edo Negro I y Neuqu\u00e9n, respectivamente, de la Autoridad Federal de Servicios de Comunicaci\u00f3n Audiovisual.<\/p>\n<p class=\"texto\">Posteriormente, se realiz\u00f3 una mesa de debate que estuvo integrada por Mariana Fasciolo,\u00a0Directora de Articulaci\u00f3n y Estrategias Institucionales de\u00a0AFSCA;\u00a0Helga Ticac, presidenta de la Asociaci\u00f3n Civil Grupo INCA Amigo que Ayuda de General Roca; Lalo Pilqui\u00f1an, director de la Radio Puel Mapu de la provincia de Neuqu\u00e9n; y Franco \u00c1vila director de FM Mural de la ciudad de Cipolletti.<\/p>\n<p class=\"texto\">El encuentro estuvo moderado por Julio Monasterio, quien abord\u00f3 como eje central los nuevos desaf\u00edos y paradigmas laborales que surgen a partir de la implementaci\u00f3n de la Ley de Servicios de Comunicaci\u00f3n Audiovisual.<\/p>\n<p class=\"texto\">Los participantes de las radios Puel Mapu y Mural contaron sus experiencias para avanzar en el dise\u00f1o y montaje de una FM comunitaria, las dificultades y desaf\u00edos que afrontaron para llevar adelante sus proyectos comunicacionales y los objetivos que se han fijado en pos de lograr la sostenibilidad de los proyectos y de generar fuentes laborales genuinas para sus periodistas, locutores y operadores t\u00e9cnicos.<\/p>\n<p class=\"texto\">Tambi\u00e9n pusieron el acento en las posibilidades que se brindan a los servicios radiof\u00f3nicos y audiovisuales del sector sin fines de lucro a trav\u00e9s de del Fondo de Fomento Concursable 2014 (FOMECA), que lleva adelante la Autoridad Federal de Servicios de Comunicaci\u00f3n Audiovisual para la promoci\u00f3n de proyectos audiovisuales comunitarios, de frontera y de los pueblos originarios.<\/p>\n<p class=\"texto\">En el caso de la Asociaci\u00f3n Civil Grupo Inca, Ticac, detall\u00f3 como fue el proceso de conformaci\u00f3n de esta organizaci\u00f3n como productora audiovisual, lo que permiti\u00f3 generar fuentes laborales para sus integrantes y elaborar piezas audiovisuales para acceder a diferentes l\u00edneas de fomento de organismos como el Fondo Nacional de las Artes y AFSCA.<\/p>\n<p class=\"texto\">Durante la charla se proyectaron dos spots realizados por la Asociaci\u00f3n Civil Grupo Inca que fueron premiados en el marco del Fondo de Fomento Concursable para Medios de Comunicaci\u00f3n Audiovisual (FOMECA) del a\u00f1o 2013, que apuntan a formar conciencia respecto a las personas con discapacidad y su integraci\u00f3n, y que actualmente son emitidos por diferentes canales abierto y de cable de la provincia, entre ellos Televisi\u00f3n Rionegrina, el canal estatal provincial.<\/p>\n<p class=\"texto\">La jornada finaliz\u00f3 con una ronda de preguntas del p\u00fablico, que permiti\u00f3 debatir en profundidad las alternativas que tiene el sector de la comunicaci\u00f3n sin fines de lucro, cuales son las expectativas y cu\u00e1les sus diferencias con los otros sectores de la comunicaci\u00f3n, como el sector con fines de lucro, o los medios estatales y universitarios.<\/p>\n<p class=\"texto\">El ciclo de debate, que cuenta con la participaci\u00f3n de destacados especialistas y profesionales de la comunicaci\u00f3n, continuar\u00e1 hasta octubre en distintas instituciones del pa\u00eds, y se enmarca en las actividades de promoci\u00f3n y capacitaci\u00f3n que realiza la AFSCA sobre la Ley 26.522. (Afsca R\u00edo Negro)<\/p>\n","protected":false},"excerpt":{"rendered":"<p>Medio centenar de estudiantes, docentes universitarios, periodistas, comunicadores y radiodifusores del Alto Valle de R\u00edo Negro y Neuqu\u00e9n participaron ayer del ciclo de debate \u00abNuevos Desaf\u00edos y Paradigmas Laborales a partir de la implementaci\u00f3n de la Ley de Servicios de Comunicaci\u00f3n Audiovisual\u00bb que se desarroll\u00f3 en la sala auditorio de la Facultad de Derecho y [&hellip;]<\/p>\n","protected":false},"author":2,"featured_media":2784,"comment_status":"open","ping_status":"open","sticky":false,"template":"","format":"standard","meta":{"footnotes":""},"categories":[9,5],"tags":[],"class_list":["post-2783","post","type-post","status-publish","format-standard","has-post-thumbnail","hentry","category-9","category-notifadecs"],"_links":{"self":[{"href":"https:\/\/fadeweb.uncoma.edu.ar\/index.php\/wp-json\/wp\/v2\/posts\/2783","targetHints":{"allow":["GET"]}}],"collection":[{"href":"https:\/\/fadeweb.uncoma.edu.ar\/index.php\/wp-json\/wp\/v2\/posts"}],"about":[{"href":"https:\/\/fadeweb.uncoma.edu.ar\/index.php\/wp-json\/wp\/v2\/types\/post"}],"author":[{"embeddable":true,"href":"https:\/\/fadeweb.uncoma.edu.ar\/index.php\/wp-json\/wp\/v2\/users\/2"}],"replies":[{"embeddable":true,"href":"https:\/\/fadeweb.uncoma.edu.ar\/index.php\/wp-json\/wp\/v2\/comments?post=2783"}],"version-history":[{"count":0,"href":"https:\/\/fadeweb.uncoma.edu.ar\/index.php\/wp-json\/wp\/v2\/posts\/2783\/revisions"}],"wp:featuredmedia":[{"embeddable":true,"href":"https:\/\/fadeweb.uncoma.edu.ar\/index.php\/wp-json\/wp\/v2\/media\/2784"}],"wp:attachment":[{"href":"https:\/\/fadeweb.uncoma.edu.ar\/index.php\/wp-json\/wp\/v2\/media?parent=2783"}],"wp:term":[{"taxonomy":"category","embeddable":true,"href":"https:\/\/fadeweb.uncoma.edu.ar\/index.php\/wp-json\/wp\/v2\/categories?post=2783"},{"taxonomy":"post_tag","embeddable":true,"href":"https:\/\/fadeweb.uncoma.edu.ar\/index.php\/wp-json\/wp\/v2\/tags?post=2783"}],"curies":[{"name":"wp","href":"https:\/\/api.w.org\/{rel}","templated":true}]}}