{"id":2779,"date":"2014-10-01T12:37:16","date_gmt":"2014-10-01T12:37:16","guid":{"rendered":"http:\/\/web.fadecs.uncoma.edu.ar\/?p=2779"},"modified":"2014-10-01T12:37:16","modified_gmt":"2014-10-01T12:37:16","slug":"la-fadecs-obtuvo-doce-12-premios-en-la-ix-expocom-argentina-2014","status":"publish","type":"post","link":"https:\/\/fadeweb.uncoma.edu.ar\/index.php\/2014\/10\/01\/la-fadecs-obtuvo-doce-12-premios-en-la-ix-expocom-argentina-2014\/","title":{"rendered":"LA FADECS OBTUVO DOCE 12 PREMIOS EN LA IX EXPOCOM ARGENTINA 2014"},"content":{"rendered":"<p class=\"texto\"><img fetchpriority=\"high\" decoding=\"async\" class=\"alignright wp-image-2780 size-full\" src=\"https:\/\/fadeweb.uncoma.edu.ar\/wp-content\/uploads\/2022\/09\/enacom2.jpg\" alt=\"\" width=\"810\" height=\"540\" srcset=\"https:\/\/fadeweb.uncoma.edu.ar\/wp-content\/uploads\/2022\/09\/enacom2.jpg 810w, https:\/\/fadeweb.uncoma.edu.ar\/wp-content\/uploads\/2022\/09\/enacom2-300x200.jpg 300w, https:\/\/fadeweb.uncoma.edu.ar\/wp-content\/uploads\/2022\/09\/enacom2-768x512.jpg 768w\" sizes=\"(max-width: 810px) 100vw, 810px\" \/> <img decoding=\"async\" class=\"alignright wp-image-2781 size-full\" src=\"https:\/\/fadeweb.uncoma.edu.ar\/wp-content\/uploads\/2022\/09\/enacom3.jpg\" alt=\"\" width=\"810\" height=\"540\" srcset=\"https:\/\/fadeweb.uncoma.edu.ar\/wp-content\/uploads\/2022\/09\/enacom3.jpg 810w, https:\/\/fadeweb.uncoma.edu.ar\/wp-content\/uploads\/2022\/09\/enacom3-300x200.jpg 300w, https:\/\/fadeweb.uncoma.edu.ar\/wp-content\/uploads\/2022\/09\/enacom3-768x512.jpg 768w\" sizes=\"(max-width: 810px) 100vw, 810px\" \/>Los estudiantes de la carrera de Comunicaci\u00f3n Social de la FADECS fueron galardonados por sus trabajos en las categor\u00edas Comunicaci\u00f3n Audiovisual, Comunicaci\u00f3n Gr\u00e1fica, Comunicaci\u00f3n Publicitaria, Comunicaci\u00f3n Interactiva y Comunicaci\u00f3n Radiof\u00f3nica. El XII Encuentro Nacional de Carreras de Comunicaci\u00f3n -ENACOM 2014-, y IX EXPOCOM Argentina se realiz\u00f3 entre el 24 y el 26 de septiembre de 2014 en Mendoza. La organizaci\u00f3n estuvo a cargo de la Facultad de Periodismo de la Universidad Juan Agust\u00edn Maza (UMaza) y fue promovida por la Federaci\u00f3n Argentina de Carreras de Comunicaci\u00f3n Social (FADECCOS).<\/p>\n<p>En esta oportunidad, fueron 47 los estudiantes de Comunicaci\u00f3n Social, los que participaron con sus \u00a0producciones correspondientes al ciclo lectivo 2013\/2014. Los alumnos concurrieron por las siguientes c\u00e1tedras: Periodismo Digital, Periodismo de Investigaci\u00f3n, Redacci\u00f3n Period\u00edstica II, Introducci\u00f3n a la Comunicaci\u00f3n Visual, Producci\u00f3n Radiof\u00f3nica, Locuci\u00f3n II, Producci\u00f3n Audiovisual, Comunicaci\u00f3n Audiovisual.<\/p>\n<p>Los trabajos premiados son:<\/p>\n<p>CATEGOR\u00cdA COMUNICACI\u00d3N AUDIOVISUAL<\/p>\n<ul>\n<li>Modalidad: Entrevista Period\u00edstica<\/li>\n<\/ul>\n<blockquote><p>Segundo premio: \u00abPioneros del Arte Audiovisual\u00bb. Autores: Sandra Carrazco, Ayel\u00e9n Ar\u00e9valo, Daniel Hern\u00e1ndez, Gisela Figueroa Minchel.<\/p><\/blockquote>\n<p>CATEGORIA COMUNICACI\u00d3N GR\u00c1FICA<\/p>\n<ul>\n<li>Modalidad: Fotograf\u00eda period\u00edsticaPrimer premio: \u00abLas v\u00edas muertas del sur\u00bb. Autores. Camila Sidorkevich.<\/li>\n<\/ul>\n<p>CATEGOR\u00cdA: COMUNICACI\u00d3N PUBLICITARIA<\/p>\n<ul>\n<li>Modalidad: Campa\u00f1a publicitaria radiof\u00f3nica<\/li>\n<\/ul>\n<blockquote><p>Primer premio: \u00abInterconectados\u00bb. Autores: Emanuel Gim\u00e9nez; Gisela Figueroa Minchel; Ayel\u00e9n Hern\u00e1ndez.<\/p><\/blockquote>\n<p>CATEGOR\u00cdA COMUNICACION INTERACTIVA<\/p>\n<ul>\n<li>Modalidad: Producciones period\u00edsticas para la web<\/li>\n<\/ul>\n<blockquote><p>Segundo premio: \u00abM\u00fasicos independientes de General Roca: La lucha por el reconocimiento\u00bb. Autores: Daniel Indiaf\u00f3n Thomas; Adri\u00e1n Maripil; Sebasti\u00e1n Killy.<\/p><\/blockquote>\n<ul>\n<li>Modalidad: Red social period\u00edsticaPrimer premio: \u00abFisque Rock\u00bb. Autores: Carla Sanhueza; Manuel Hormachea.<\/li>\n<li>Modalidad: Sitio web de bien p\u00fablico o social<\/li>\n<\/ul>\n<blockquote><p>Primer premio: \u00abCiencia y tecnolog\u00eda neuquinas\u00bb. Autores. Diana Nieto; Adriano Calalesina.<\/p><\/blockquote>\n<ul>\n<li>Modalidad: Blog institucional<\/li>\n<\/ul>\n<blockquote><p>Primer premio: \u00abInnovar en Neuqu\u00e9n\u00bb. Autora: Diana Nieto.<\/p><\/blockquote>\n<ul>\n<li>Modalidad: Blog period\u00edstico<\/li>\n<\/ul>\n<blockquote><p>Segundo premio: \u00abQue te gar\u00fae finito\u00bb. Autor: Mar\u00eda Victoria Campagno, Mar\u00eda Laura Meza.<\/p><\/blockquote>\n<ul>\n<li>Modalidad: Comunicaci\u00f3n transmedia<\/li>\n<\/ul>\n<blockquote><p>Primer premio: \u00abInfoboom\u00bb. Autores: Camila Frontalini; Camila Sidorkevich; Daniela Araneda, Elisa Haurigot; Emanuel Rodr\u00edguez; Florencia Cort\u00e9z, Jorgelina Llanos y otros.<\/p><\/blockquote>\n<p>CATEGOR\u00cdA: COMUNICACI\u00d3N RADIOF\u00d3NICA<\/p>\n<ul>\n<li>Modalidad: Documental radiof\u00f3nico<\/li>\n<\/ul>\n<blockquote><p>Primer premio: \u00abConciencia Activa\u00bb. Autores: Mar\u00eda Ail\u00edn Espinosa; Mar\u00eda Virginia Nardi.<\/p><\/blockquote>\n<ul>\n<li>Modalidad: Entrevista radiof\u00f3nica<\/li>\n<\/ul>\n<blockquote><p>Primer premio: \u00abEl literato\u00bb. Autora: Gisela Figueroa Minchel.<\/p><\/blockquote>\n<ul>\n<li>Modalidad: Programa de inter\u00e9s o bien p\u00fablico<\/li>\n<\/ul>\n<blockquote><p>Primer premio: \u00abEn debate\u00bb. Autora. Gisela Figueroa Minchel.<\/p><\/blockquote>\n","protected":false},"excerpt":{"rendered":"<p>Los estudiantes de la carrera de Comunicaci\u00f3n Social de la FADECS fueron galardonados por sus trabajos en las categor\u00edas Comunicaci\u00f3n Audiovisual, Comunicaci\u00f3n Gr\u00e1fica, Comunicaci\u00f3n Publicitaria, Comunicaci\u00f3n Interactiva y Comunicaci\u00f3n Radiof\u00f3nica. El XII Encuentro Nacional de Carreras de Comunicaci\u00f3n -ENACOM 2014-, y IX EXPOCOM Argentina se realiz\u00f3 entre el 24 y el 26 de septiembre de [&hellip;]<\/p>\n","protected":false},"author":2,"featured_media":2781,"comment_status":"open","ping_status":"open","sticky":false,"template":"","format":"standard","meta":{"footnotes":""},"categories":[9,5],"tags":[],"class_list":["post-2779","post","type-post","status-publish","format-standard","has-post-thumbnail","hentry","category-9","category-notifadecs"],"_links":{"self":[{"href":"https:\/\/fadeweb.uncoma.edu.ar\/index.php\/wp-json\/wp\/v2\/posts\/2779","targetHints":{"allow":["GET"]}}],"collection":[{"href":"https:\/\/fadeweb.uncoma.edu.ar\/index.php\/wp-json\/wp\/v2\/posts"}],"about":[{"href":"https:\/\/fadeweb.uncoma.edu.ar\/index.php\/wp-json\/wp\/v2\/types\/post"}],"author":[{"embeddable":true,"href":"https:\/\/fadeweb.uncoma.edu.ar\/index.php\/wp-json\/wp\/v2\/users\/2"}],"replies":[{"embeddable":true,"href":"https:\/\/fadeweb.uncoma.edu.ar\/index.php\/wp-json\/wp\/v2\/comments?post=2779"}],"version-history":[{"count":0,"href":"https:\/\/fadeweb.uncoma.edu.ar\/index.php\/wp-json\/wp\/v2\/posts\/2779\/revisions"}],"wp:featuredmedia":[{"embeddable":true,"href":"https:\/\/fadeweb.uncoma.edu.ar\/index.php\/wp-json\/wp\/v2\/media\/2781"}],"wp:attachment":[{"href":"https:\/\/fadeweb.uncoma.edu.ar\/index.php\/wp-json\/wp\/v2\/media?parent=2779"}],"wp:term":[{"taxonomy":"category","embeddable":true,"href":"https:\/\/fadeweb.uncoma.edu.ar\/index.php\/wp-json\/wp\/v2\/categories?post=2779"},{"taxonomy":"post_tag","embeddable":true,"href":"https:\/\/fadeweb.uncoma.edu.ar\/index.php\/wp-json\/wp\/v2\/tags?post=2779"}],"curies":[{"name":"wp","href":"https:\/\/api.w.org\/{rel}","templated":true}]}}