{"id":27783,"date":"2026-03-25T14:20:26","date_gmt":"2026-03-25T17:20:26","guid":{"rendered":"https:\/\/fadeweb.uncoma.edu.ar\/?p=27783"},"modified":"2026-03-25T14:20:26","modified_gmt":"2026-03-25T17:20:26","slug":"codesoc-y-memoria-verdad-y-justicia-a-50-anos-del-golpe","status":"publish","type":"post","link":"https:\/\/fadeweb.uncoma.edu.ar\/index.php\/2026\/03\/25\/codesoc-y-memoria-verdad-y-justicia-a-50-anos-del-golpe\/","title":{"rendered":"CODESOC Y MEMORIA: VERDAD Y JUSTICIA A 50 A\u00d1OS DEL GOLPE"},"content":{"rendered":"<p><img fetchpriority=\"high\" decoding=\"async\" class=\"alignnone wp-image-27785 size-full\" src=\"https:\/\/fadeweb.uncoma.edu.ar\/wp-content\/uploads\/2026\/03\/CODESOC-24-3-26.png\" alt=\"CODESOC Y MEMORIA: VERDAD Y JUSTICIA A 50 A\u00d1OS DEL GOLPE\n\" width=\"699\" height=\"878\" srcset=\"https:\/\/fadeweb.uncoma.edu.ar\/wp-content\/uploads\/2026\/03\/CODESOC-24-3-26.png 699w, https:\/\/fadeweb.uncoma.edu.ar\/wp-content\/uploads\/2026\/03\/CODESOC-24-3-26-239x300.png 239w\" sizes=\"(max-width: 699px) 100vw, 699px\" \/><\/p>\n<p>El CODESOC se suma a las actividades por memoria, verdad y justicia a 50 a\u00f1os del golpe porque interpelar la dictadura es pensar, entre muchas otras cosas:<\/p>\n<ul>\n<li>El cambio de un patr\u00f3n productivo por uno de valorizaci\u00f3n financiera. La reforma de 1977 permiti\u00f3 la especulaci\u00f3n por sobre la producci\u00f3n nacional, que junto con la apertura indiscriminada de importaciones iniciaron un proceso de desindustrializaci\u00f3n<\/li>\n<li>El aumento de la deuda p\u00fablica y la estatizaci\u00f3n de la deuda privada pasando de $8.000 millones en 1978 a $40.000 millones en 1982<\/li>\n<li>Desregul\u00f3 el precio de los alquileres y dolariz\u00f3 el valor de la propiedad<\/li>\n<li>Se suspendi\u00f3 la actividad sindical, perdieron derechos los trabajadores y se produjo un proceso de aumento de la desigualdad social y, como consecuencia, la trasferencias de ingresos hacia grupos concentrados y el aumento de la pobreza<\/li>\n<li>30.000 desaparecidos<\/li>\n<li>Nuestros profesores perseguidos, desaparecidos o exiliados<\/li>\n<\/ul>\n","protected":false},"excerpt":{"rendered":"<p>El CODESOC se suma a las actividades por memoria, verdad y justicia a 50 a\u00f1os del golpe porque interpelar la dictadura es pensar, entre muchas otras cosas: El cambio de un patr\u00f3n productivo por uno de valorizaci\u00f3n financiera. La reforma de 1977 permiti\u00f3 la especulaci\u00f3n por sobre la producci\u00f3n nacional, que junto con la apertura [&hellip;]<\/p>\n","protected":false},"author":4,"featured_media":27785,"comment_status":"closed","ping_status":"closed","sticky":false,"template":"","format":"standard","meta":{"footnotes":""},"categories":[5],"tags":[],"class_list":["post-27783","post","type-post","status-publish","format-standard","has-post-thumbnail","hentry","category-notifadecs"],"_links":{"self":[{"href":"https:\/\/fadeweb.uncoma.edu.ar\/index.php\/wp-json\/wp\/v2\/posts\/27783","targetHints":{"allow":["GET"]}}],"collection":[{"href":"https:\/\/fadeweb.uncoma.edu.ar\/index.php\/wp-json\/wp\/v2\/posts"}],"about":[{"href":"https:\/\/fadeweb.uncoma.edu.ar\/index.php\/wp-json\/wp\/v2\/types\/post"}],"author":[{"embeddable":true,"href":"https:\/\/fadeweb.uncoma.edu.ar\/index.php\/wp-json\/wp\/v2\/users\/4"}],"replies":[{"embeddable":true,"href":"https:\/\/fadeweb.uncoma.edu.ar\/index.php\/wp-json\/wp\/v2\/comments?post=27783"}],"version-history":[{"count":1,"href":"https:\/\/fadeweb.uncoma.edu.ar\/index.php\/wp-json\/wp\/v2\/posts\/27783\/revisions"}],"predecessor-version":[{"id":27786,"href":"https:\/\/fadeweb.uncoma.edu.ar\/index.php\/wp-json\/wp\/v2\/posts\/27783\/revisions\/27786"}],"wp:featuredmedia":[{"embeddable":true,"href":"https:\/\/fadeweb.uncoma.edu.ar\/index.php\/wp-json\/wp\/v2\/media\/27785"}],"wp:attachment":[{"href":"https:\/\/fadeweb.uncoma.edu.ar\/index.php\/wp-json\/wp\/v2\/media?parent=27783"}],"wp:term":[{"taxonomy":"category","embeddable":true,"href":"https:\/\/fadeweb.uncoma.edu.ar\/index.php\/wp-json\/wp\/v2\/categories?post=27783"},{"taxonomy":"post_tag","embeddable":true,"href":"https:\/\/fadeweb.uncoma.edu.ar\/index.php\/wp-json\/wp\/v2\/tags?post=27783"}],"curies":[{"name":"wp","href":"https:\/\/api.w.org\/{rel}","templated":true}]}}