{"id":27779,"date":"2026-03-25T09:46:57","date_gmt":"2026-03-25T12:46:57","guid":{"rendered":"https:\/\/fadeweb.uncoma.edu.ar\/?p=27779"},"modified":"2026-03-25T09:46:57","modified_gmt":"2026-03-25T12:46:57","slug":"departamento-docente-informa-calendario-de-concurso-6","status":"publish","type":"post","link":"https:\/\/fadeweb.uncoma.edu.ar\/index.php\/2026\/03\/25\/departamento-docente-informa-calendario-de-concurso-6\/","title":{"rendered":"DEPARTAMENTO DOCENTE INFORMA CALENDARIO DE CONCURSO"},"content":{"rendered":"<p dir=\"ltr\"><img fetchpriority=\"high\" decoding=\"async\" class=\"alignnone wp-image-26747 size-large\" src=\"https:\/\/fadeweb.uncoma.edu.ar\/wp-content\/uploads\/2025\/10\/calendario-concurso-819x1024.jpg\" alt=\"DEPARTAMENTO DOCENTE INFORMA CALENDARIO DE CONCURSOS\" width=\"800\" height=\"1000\" srcset=\"https:\/\/fadeweb.uncoma.edu.ar\/wp-content\/uploads\/2025\/10\/calendario-concurso-819x1024.jpg 819w, https:\/\/fadeweb.uncoma.edu.ar\/wp-content\/uploads\/2025\/10\/calendario-concurso-240x300.jpg 240w, https:\/\/fadeweb.uncoma.edu.ar\/wp-content\/uploads\/2025\/10\/calendario-concurso-768x960.jpg 768w, https:\/\/fadeweb.uncoma.edu.ar\/wp-content\/uploads\/2025\/10\/calendario-concurso.jpg 1080w\" sizes=\"(max-width: 800px) 100vw, 800px\" \/><\/p>\n<p dir=\"ltr\">El calendario de concurso correspondiente al llamado aprobado por Resoluci\u00f3n N\u00ba0267\/2025-CD-FDCS, para la cobertura de un (1) cargo de Jefe\/a de Trabajos Pr\u00e1cticos Regular con dedicaci\u00f3n Simple para desempe\u00f1arse en el \u00c1rea:\u00a0<em>Sociolog\u00eda General &#8211;<\/em>\u00a0Orientaci\u00f3n:\u00a0<em>Metodolog\u00eda<\/em>, sede Neuqu\u00e9n &#8211; General Roca, perteneciente al Departamento Ciencias Pol\u00edticas y Sociales de esta Facultad de Derecho y Ciencias Sociales.<\/p>\n<ul>\n<li>Sorteo del tema y del orden de la entrevista y exposici\u00f3n oral:<strong>\u00a0jueves 26<\/strong><strong> de marzo de 2026 a las 14 horas.<\/strong><\/li>\n<li>Entrevista personal y exposici\u00f3n oral:<strong>\u00a0 lunes 6 <\/strong><strong>de abril de 2026 a las 8:15 horas.<\/strong><\/li>\n<\/ul>\n<div>\n<div><strong>Ambas instancias se llevar\u00e1n a cabo en Facultad de Derecho y Ciencias\u00a0Sociales, sita en\u00a0Mendoza 2151 de la ciudad de General Roca.<\/strong><\/div>\n<\/div>\n","protected":false},"excerpt":{"rendered":"<p>El calendario de concurso correspondiente al llamado aprobado por Resoluci\u00f3n N\u00ba0267\/2025-CD-FDCS, para la cobertura de un (1) cargo de Jefe\/a de Trabajos Pr\u00e1cticos Regular con dedicaci\u00f3n Simple para desempe\u00f1arse en el \u00c1rea:\u00a0Sociolog\u00eda General &#8211;\u00a0Orientaci\u00f3n:\u00a0Metodolog\u00eda, sede Neuqu\u00e9n &#8211; General Roca, perteneciente al Departamento Ciencias Pol\u00edticas y Sociales de esta Facultad de Derecho y Ciencias Sociales. Sorteo [&hellip;]<\/p>\n","protected":false},"author":4,"featured_media":26747,"comment_status":"closed","ping_status":"closed","sticky":false,"template":"","format":"standard","meta":{"footnotes":""},"categories":[3,5],"tags":[],"class_list":["post-27779","post","type-post","status-publish","format-standard","has-post-thumbnail","hentry","category-concursos","category-notifadecs"],"_links":{"self":[{"href":"https:\/\/fadeweb.uncoma.edu.ar\/index.php\/wp-json\/wp\/v2\/posts\/27779","targetHints":{"allow":["GET"]}}],"collection":[{"href":"https:\/\/fadeweb.uncoma.edu.ar\/index.php\/wp-json\/wp\/v2\/posts"}],"about":[{"href":"https:\/\/fadeweb.uncoma.edu.ar\/index.php\/wp-json\/wp\/v2\/types\/post"}],"author":[{"embeddable":true,"href":"https:\/\/fadeweb.uncoma.edu.ar\/index.php\/wp-json\/wp\/v2\/users\/4"}],"replies":[{"embeddable":true,"href":"https:\/\/fadeweb.uncoma.edu.ar\/index.php\/wp-json\/wp\/v2\/comments?post=27779"}],"version-history":[{"count":1,"href":"https:\/\/fadeweb.uncoma.edu.ar\/index.php\/wp-json\/wp\/v2\/posts\/27779\/revisions"}],"predecessor-version":[{"id":27781,"href":"https:\/\/fadeweb.uncoma.edu.ar\/index.php\/wp-json\/wp\/v2\/posts\/27779\/revisions\/27781"}],"wp:featuredmedia":[{"embeddable":true,"href":"https:\/\/fadeweb.uncoma.edu.ar\/index.php\/wp-json\/wp\/v2\/media\/26747"}],"wp:attachment":[{"href":"https:\/\/fadeweb.uncoma.edu.ar\/index.php\/wp-json\/wp\/v2\/media?parent=27779"}],"wp:term":[{"taxonomy":"category","embeddable":true,"href":"https:\/\/fadeweb.uncoma.edu.ar\/index.php\/wp-json\/wp\/v2\/categories?post=27779"},{"taxonomy":"post_tag","embeddable":true,"href":"https:\/\/fadeweb.uncoma.edu.ar\/index.php\/wp-json\/wp\/v2\/tags?post=27779"}],"curies":[{"name":"wp","href":"https:\/\/api.w.org\/{rel}","templated":true}]}}