{"id":27545,"date":"2026-02-23T12:23:18","date_gmt":"2026-02-23T15:23:18","guid":{"rendered":"https:\/\/fadeweb.uncoma.edu.ar\/?p=27545"},"modified":"2026-02-23T12:23:18","modified_gmt":"2026-02-23T15:23:18","slug":"la-fadecs-presente-en-la-fiesta-nacional-de-la-manzana","status":"publish","type":"post","link":"https:\/\/fadeweb.uncoma.edu.ar\/index.php\/2026\/02\/23\/la-fadecs-presente-en-la-fiesta-nacional-de-la-manzana\/","title":{"rendered":"LA FADECS PRESENTE EN LA FIESTA NACIONAL DE LA MANZANA"},"content":{"rendered":"<p><img fetchpriority=\"high\" decoding=\"async\" class=\"alignnone wp-image-27546 size-large\" src=\"https:\/\/fadeweb.uncoma.edu.ar\/wp-content\/uploads\/2026\/02\/afdm-1024x692.jpg\" alt=\"LA FADECS PRESENTE EN LA FIESTA NACIONAL DE LA MANZANA\" width=\"800\" height=\"541\" srcset=\"https:\/\/fadeweb.uncoma.edu.ar\/wp-content\/uploads\/2026\/02\/afdm-1024x692.jpg 1024w, https:\/\/fadeweb.uncoma.edu.ar\/wp-content\/uploads\/2026\/02\/afdm-300x203.jpg 300w, https:\/\/fadeweb.uncoma.edu.ar\/wp-content\/uploads\/2026\/02\/afdm-768x519.jpg 768w, https:\/\/fadeweb.uncoma.edu.ar\/wp-content\/uploads\/2026\/02\/afdm-1536x1038.jpg 1536w, https:\/\/fadeweb.uncoma.edu.ar\/wp-content\/uploads\/2026\/02\/afdm.jpg 1598w\" sizes=\"(max-width: 800px) 100vw, 800px\" \/><\/p>\n<p>Las autoridades de la FADECS asistieron, el viernes 20 de febrero, al acto oficial de apertura de la Fiesta Nacional de la Manzana 2026, liderado por la intendenta Mar\u00eda Emilia Soria.<\/p>\n<p>El equipo de conducci\u00f3n de la FADECS estuvo encabezado por el decano Juan Carlos Fern\u00e1ndez, y lo acompa\u00f1aron las secretaria de Bienestar Victoria Formiga, la Secretaria de Consejo Directivo Ayel\u00e9n Rojas, el secretario administrativo Juan Manuel Paseiro, la subsecretaria de Obras Anal\u00eda D\u00edaz, y el director de Posgrado Cristian G\u00f3mez.<\/p>\n<p>La fiesta m\u00e1s popular dedicada a la fruticultura se inicia con la tradicional bendici\u00f3n de los frutos, con la presencia de referentes pol\u00edticos y autoridades religiosas, reuniendo durante tres di\u00e1s a una multitud de vecinos del Alto Valle en torno a propuestas art\u00edsticas, gastron\u00f3micas y recreativas en sentido amplio.<\/p>\n<p>Nuestra casa de estudios acompa\u00f1\u00f3 a las autoridades municipales en el inicio del relevante evento de impacto nacional, en apoyo a las vinculaciones institucionales que definen un camino de proyecci\u00f3n de nuestra ciudad como polo productivo a la vez que universitario.<\/p>\n","protected":false},"excerpt":{"rendered":"<p>Las autoridades de la FADECS asistieron, el viernes 20 de febrero, al acto oficial de apertura de la Fiesta Nacional de la Manzana 2026, liderado por la intendenta Mar\u00eda Emilia Soria. El equipo de conducci\u00f3n de la FADECS estuvo encabezado por el decano Juan Carlos Fern\u00e1ndez, y lo acompa\u00f1aron las secretaria de Bienestar Victoria Formiga, [&hellip;]<\/p>\n","protected":false},"author":4,"featured_media":27546,"comment_status":"closed","ping_status":"closed","sticky":false,"template":"","format":"standard","meta":{"footnotes":""},"categories":[5],"tags":[],"class_list":["post-27545","post","type-post","status-publish","format-standard","has-post-thumbnail","hentry","category-notifadecs"],"_links":{"self":[{"href":"https:\/\/fadeweb.uncoma.edu.ar\/index.php\/wp-json\/wp\/v2\/posts\/27545","targetHints":{"allow":["GET"]}}],"collection":[{"href":"https:\/\/fadeweb.uncoma.edu.ar\/index.php\/wp-json\/wp\/v2\/posts"}],"about":[{"href":"https:\/\/fadeweb.uncoma.edu.ar\/index.php\/wp-json\/wp\/v2\/types\/post"}],"author":[{"embeddable":true,"href":"https:\/\/fadeweb.uncoma.edu.ar\/index.php\/wp-json\/wp\/v2\/users\/4"}],"replies":[{"embeddable":true,"href":"https:\/\/fadeweb.uncoma.edu.ar\/index.php\/wp-json\/wp\/v2\/comments?post=27545"}],"version-history":[{"count":1,"href":"https:\/\/fadeweb.uncoma.edu.ar\/index.php\/wp-json\/wp\/v2\/posts\/27545\/revisions"}],"predecessor-version":[{"id":27547,"href":"https:\/\/fadeweb.uncoma.edu.ar\/index.php\/wp-json\/wp\/v2\/posts\/27545\/revisions\/27547"}],"wp:featuredmedia":[{"embeddable":true,"href":"https:\/\/fadeweb.uncoma.edu.ar\/index.php\/wp-json\/wp\/v2\/media\/27546"}],"wp:attachment":[{"href":"https:\/\/fadeweb.uncoma.edu.ar\/index.php\/wp-json\/wp\/v2\/media?parent=27545"}],"wp:term":[{"taxonomy":"category","embeddable":true,"href":"https:\/\/fadeweb.uncoma.edu.ar\/index.php\/wp-json\/wp\/v2\/categories?post=27545"},{"taxonomy":"post_tag","embeddable":true,"href":"https:\/\/fadeweb.uncoma.edu.ar\/index.php\/wp-json\/wp\/v2\/tags?post=27545"}],"curies":[{"name":"wp","href":"https:\/\/api.w.org\/{rel}","templated":true}]}}