{"id":2733,"date":"2022-08-29T15:52:47","date_gmt":"2022-08-29T15:52:47","guid":{"rendered":"http:\/\/web.fadecs.uncoma.edu.ar\/?p=2733"},"modified":"2022-08-29T15:52:47","modified_gmt":"2022-08-29T15:52:47","slug":"29-de-agosto-feliz-dia-abogadas-y-abogados","status":"publish","type":"post","link":"https:\/\/fadeweb.uncoma.edu.ar\/index.php\/2022\/08\/29\/29-de-agosto-feliz-dia-abogadas-y-abogados\/","title":{"rendered":"29 DE AGOSTO FELIZ D\u00cdA ABOGADAS Y ABOGADOS"},"content":{"rendered":"<p><span class=\"texto\"><img fetchpriority=\"high\" decoding=\"async\" class=\"aligncenter wp-image-2734 size-large\" src=\"https:\/\/fadeweb.uncoma.edu.ar\/wp-content\/uploads\/2022\/09\/29agosto2022-fadecs-copia-1024x1024.jpg\" alt=\"\" width=\"800\" height=\"800\" srcset=\"https:\/\/fadeweb.uncoma.edu.ar\/wp-content\/uploads\/2022\/09\/29agosto2022-fadecs-copia-1024x1024.jpg 1024w, https:\/\/fadeweb.uncoma.edu.ar\/wp-content\/uploads\/2022\/09\/29agosto2022-fadecs-copia-300x300.jpg 300w, https:\/\/fadeweb.uncoma.edu.ar\/wp-content\/uploads\/2022\/09\/29agosto2022-fadecs-copia-150x150.jpg 150w, https:\/\/fadeweb.uncoma.edu.ar\/wp-content\/uploads\/2022\/09\/29agosto2022-fadecs-copia-768x768.jpg 768w, https:\/\/fadeweb.uncoma.edu.ar\/wp-content\/uploads\/2022\/09\/29agosto2022-fadecs-copia.jpg 1280w\" sizes=\"(max-width: 800px) 100vw, 800px\" \/>\u201cLa ley no debe tener otras miras que las de la Constituci\u00f3n. La Constituci\u00f3n designa el fin; la ley construye el medio\u00bb. Juan Bautista Alberdi.<\/p>\n<p>La junta de Gobierno de la Federaci\u00f3n Argentina de Colegios de Abogados (FACA), estableci\u00f3 en 1958 que el 29 de agosto de cada a\u00f1o se celebrar\u00eda en nuestro pa\u00eds el D\u00eda del Abogado, en conmemoraci\u00f3n del nacimiento de Juan Bautista Alberdi, uno de los autores de la Constituci\u00f3n Argentina de 1853.<\/p>\n<p>Las autoridades de la Facultad de Derecho y Ciencias Sociales saludan a las\/los abogadas y abogados, a las\/los docentes de nuestra casa de estudios y a las\/los futuras\/os abogadas\/os. El ejercicio de la profesi\u00f3n, la ense\u00f1anza y la investigaci\u00f3n, la intervenci\u00f3n en conflictos judiciales y extrajudiciales, estar\u00e1n signados por el c\u00f3digo de conducta basado en la probidad y buena fe, componentes centrales de la formaci\u00f3n deontol\u00f3gica de la abogada y el abogado.<\/span><\/p>\n","protected":false},"excerpt":{"rendered":"<p>\u201cLa ley no debe tener otras miras que las de la Constituci\u00f3n. La Constituci\u00f3n designa el fin; la ley construye el medio\u00bb. Juan Bautista Alberdi. La junta de Gobierno de la Federaci\u00f3n Argentina de Colegios de Abogados (FACA), estableci\u00f3 en 1958 que el 29 de agosto de cada a\u00f1o se celebrar\u00eda en nuestro pa\u00eds el [&hellip;]<\/p>\n","protected":false},"author":2,"featured_media":2734,"comment_status":"open","ping_status":"open","sticky":false,"template":"","format":"standard","meta":{"footnotes":""},"categories":[14,5],"tags":[],"class_list":["post-2733","post","type-post","status-publish","format-standard","has-post-thumbnail","hentry","category-14","category-notifadecs"],"_links":{"self":[{"href":"https:\/\/fadeweb.uncoma.edu.ar\/index.php\/wp-json\/wp\/v2\/posts\/2733","targetHints":{"allow":["GET"]}}],"collection":[{"href":"https:\/\/fadeweb.uncoma.edu.ar\/index.php\/wp-json\/wp\/v2\/posts"}],"about":[{"href":"https:\/\/fadeweb.uncoma.edu.ar\/index.php\/wp-json\/wp\/v2\/types\/post"}],"author":[{"embeddable":true,"href":"https:\/\/fadeweb.uncoma.edu.ar\/index.php\/wp-json\/wp\/v2\/users\/2"}],"replies":[{"embeddable":true,"href":"https:\/\/fadeweb.uncoma.edu.ar\/index.php\/wp-json\/wp\/v2\/comments?post=2733"}],"version-history":[{"count":0,"href":"https:\/\/fadeweb.uncoma.edu.ar\/index.php\/wp-json\/wp\/v2\/posts\/2733\/revisions"}],"wp:featuredmedia":[{"embeddable":true,"href":"https:\/\/fadeweb.uncoma.edu.ar\/index.php\/wp-json\/wp\/v2\/media\/2734"}],"wp:attachment":[{"href":"https:\/\/fadeweb.uncoma.edu.ar\/index.php\/wp-json\/wp\/v2\/media?parent=2733"}],"wp:term":[{"taxonomy":"category","embeddable":true,"href":"https:\/\/fadeweb.uncoma.edu.ar\/index.php\/wp-json\/wp\/v2\/categories?post=2733"},{"taxonomy":"post_tag","embeddable":true,"href":"https:\/\/fadeweb.uncoma.edu.ar\/index.php\/wp-json\/wp\/v2\/tags?post=2733"}],"curies":[{"name":"wp","href":"https:\/\/api.w.org\/{rel}","templated":true}]}}