{"id":27294,"date":"2025-12-15T13:13:09","date_gmt":"2025-12-15T16:13:09","guid":{"rendered":"https:\/\/fadeweb.uncoma.edu.ar\/?p=27294"},"modified":"2025-12-15T13:13:09","modified_gmt":"2025-12-15T16:13:09","slug":"nuevas-graduadas-en-la-licenciatura-en-servicio-social","status":"publish","type":"post","link":"https:\/\/fadeweb.uncoma.edu.ar\/index.php\/2025\/12\/15\/nuevas-graduadas-en-la-licenciatura-en-servicio-social\/","title":{"rendered":"NUEVAS GRADUADAS EN LA LICENCIATURA EN SERVICIO SOCIAL"},"content":{"rendered":"<p><img fetchpriority=\"high\" decoding=\"async\" class=\"wp-image-27295 size-large alignleft\" src=\"https:\/\/fadeweb.uncoma.edu.ar\/wp-content\/uploads\/2025\/12\/Nuevas-graduadas-LSS-05-768x1024.jpeg\" alt=\"\" width=\"768\" height=\"1024\" srcset=\"https:\/\/fadeweb.uncoma.edu.ar\/wp-content\/uploads\/2025\/12\/Nuevas-graduadas-LSS-05-768x1024.jpeg 768w, https:\/\/fadeweb.uncoma.edu.ar\/wp-content\/uploads\/2025\/12\/Nuevas-graduadas-LSS-05-225x300.jpeg 225w, https:\/\/fadeweb.uncoma.edu.ar\/wp-content\/uploads\/2025\/12\/Nuevas-graduadas-LSS-05.jpeg 960w\" sizes=\"(max-width: 768px) 100vw, 768px\" \/><\/p>\n<p>La Facultad de Derecho y Ciencias Sociales (FADECS) celebra el egreso de tres nuevas profesionales que obtuvieron la m\u00e1xima calificaci\u00f3n en la defensa de sus trabajos finales, aportando miradas cr\u00edticas y propositivas sobre la intervenci\u00f3n profesional en el \u00e1mbito p\u00fablico.<\/p>\n<p>&nbsp;<\/p>\n<p>El martes 9 de diciembre del corriente, las estudiantes Laura Yoia, Ludmila Guerrero y Mar\u00eda del Sol R\u00edos Mesina rindieron exitosamente su \u00faltimo examen final, correspondiente al Seminario de Servicio Social con Residencia Institucional, obteniendo as\u00ed su t\u00edtulo de grado.<\/p>\n<p>&nbsp;<\/p>\n<p>Las flamantes licenciadas presentaron sus Trabajos Finales Integradores, fruto de un arduo proceso de inserci\u00f3n y an\u00e1lisis en distintas instituciones de la regi\u00f3n, donde lograron articular la teor\u00eda con la complejidad de la pr\u00e1ctica profesional. El tribunal evaluador docente destac\u00f3 la calidad de las exposiciones, otorgando a las estudiantes la m\u00e1xima calificaci\u00f3n.<\/p>\n<p>&nbsp;<\/p>\n<p>Aportes al campo profesional y las pol\u00edticas p\u00fablicas<\/p>\n<p>&nbsp;<\/p>\n<p>Las producciones acad\u00e9micas presentadas se destacaron por su rigurosidad anal\u00edtica y su enfoque en el fortalecimiento de las instituciones garantes de derechos.<\/p>\n<p>&nbsp;<\/p>\n<p>Por un lado, las estudiantes Guerrero y Yoia realizaron su residencia pre-profesional en un organismo estatal de protecci\u00f3n de las infancias y adolescencias. En su trabajo, abordaron la tensi\u00f3n existente entre la sobrecarga laboral y la necesidad de una sistematizaci\u00f3n rigurosa de la informaci\u00f3n. Focalizaron su an\u00e1lisis en la implementaci\u00f3n de sistemas de registro digital y la documentaci\u00f3n de entrevistas. Su propuesta final apunt\u00f3 a optimizar los procesos de registro como una acci\u00f3n fundamental para construir \u00abdensidad institucional\u00bb.<\/p>\n<p>&nbsp;<\/p>\n<p>Por su parte, R\u00edos Mesina desarroll\u00f3 su pr\u00e1ctica en una instituci\u00f3n de Salud P\u00fablica de alta complejidad. Su trabajo se centr\u00f3 en analizar las barreras de accesibilidad en el sistema de gesti\u00f3n de turnos y sus implicancias institucionales. Su an\u00e1lisis destac\u00f3 la capacidad, reflexividad y propositiva del equipo para revisar las pr\u00e1cticas instituciones que se convierten en obst\u00e1culos administrativos y simb\u00f3licos que dificultan el encuentro entre la instituci\u00f3n y la comunidad.<\/p>\n<p>&nbsp;<\/p>\n<p>Desde la Facultad de Derecho y Ciencias Sociales felicitamos a las nuevas licenciadas por este importante logro acad\u00e9mico y por sus valiosos aportes para repensar y fortalecer el Trabajo Social en nuestra regi\u00f3n.<\/p>\n<p>&nbsp;<\/p>\n<p>\u00a1Felicitaciones, colegas!<\/p>\n","protected":false},"excerpt":{"rendered":"<p>La Facultad de Derecho y Ciencias Sociales (FADECS) celebra el egreso de tres nuevas profesionales que obtuvieron la m\u00e1xima calificaci\u00f3n en la defensa de sus trabajos finales, aportando miradas cr\u00edticas y propositivas sobre la intervenci\u00f3n profesional en el \u00e1mbito p\u00fablico. &nbsp; El martes 9 de diciembre del corriente, las estudiantes Laura Yoia, Ludmila Guerrero y [&hellip;]<\/p>\n","protected":false},"author":3,"featured_media":27295,"comment_status":"closed","ping_status":"closed","sticky":false,"template":"","format":"standard","meta":{"footnotes":""},"categories":[52,5,88,63],"tags":[],"class_list":["post-27294","post","type-post","status-publish","format-standard","has-post-thumbnail","hentry","category-academica","category-notifadecs","category-servicio-social","category-trabajo-social"],"_links":{"self":[{"href":"https:\/\/fadeweb.uncoma.edu.ar\/index.php\/wp-json\/wp\/v2\/posts\/27294","targetHints":{"allow":["GET"]}}],"collection":[{"href":"https:\/\/fadeweb.uncoma.edu.ar\/index.php\/wp-json\/wp\/v2\/posts"}],"about":[{"href":"https:\/\/fadeweb.uncoma.edu.ar\/index.php\/wp-json\/wp\/v2\/types\/post"}],"author":[{"embeddable":true,"href":"https:\/\/fadeweb.uncoma.edu.ar\/index.php\/wp-json\/wp\/v2\/users\/3"}],"replies":[{"embeddable":true,"href":"https:\/\/fadeweb.uncoma.edu.ar\/index.php\/wp-json\/wp\/v2\/comments?post=27294"}],"version-history":[{"count":1,"href":"https:\/\/fadeweb.uncoma.edu.ar\/index.php\/wp-json\/wp\/v2\/posts\/27294\/revisions"}],"predecessor-version":[{"id":27296,"href":"https:\/\/fadeweb.uncoma.edu.ar\/index.php\/wp-json\/wp\/v2\/posts\/27294\/revisions\/27296"}],"wp:featuredmedia":[{"embeddable":true,"href":"https:\/\/fadeweb.uncoma.edu.ar\/index.php\/wp-json\/wp\/v2\/media\/27295"}],"wp:attachment":[{"href":"https:\/\/fadeweb.uncoma.edu.ar\/index.php\/wp-json\/wp\/v2\/media?parent=27294"}],"wp:term":[{"taxonomy":"category","embeddable":true,"href":"https:\/\/fadeweb.uncoma.edu.ar\/index.php\/wp-json\/wp\/v2\/categories?post=27294"},{"taxonomy":"post_tag","embeddable":true,"href":"https:\/\/fadeweb.uncoma.edu.ar\/index.php\/wp-json\/wp\/v2\/tags?post=27294"}],"curies":[{"name":"wp","href":"https:\/\/api.w.org\/{rel}","templated":true}]}}