{"id":27152,"date":"2025-12-10T00:01:37","date_gmt":"2025-12-10T03:01:37","guid":{"rendered":"https:\/\/fadeweb.uncoma.edu.ar\/?p=27152"},"modified":"2025-11-28T08:29:01","modified_gmt":"2025-11-28T11:29:01","slug":"10-de-diciembre-dia-del-la-trabajador-a-social-4","status":"publish","type":"post","link":"https:\/\/fadeweb.uncoma.edu.ar\/index.php\/2025\/12\/10\/10-de-diciembre-dia-del-la-trabajador-a-social-4\/","title":{"rendered":"10 DE DICIEMBRE | D\u00cdA DEL\/LA TRABAJADOR\/A SOCIAL"},"content":{"rendered":"<p><img fetchpriority=\"high\" decoding=\"async\" class=\"alignnone wp-image-27153 size-large\" src=\"https:\/\/fadeweb.uncoma.edu.ar\/wp-content\/uploads\/2025\/11\/10-DE-DICiembre-2025-819x1024.jpg\" alt=\"10 DE DICIEMBRE | D\u00cdA DEL\/LA TRABAJADOR\/A SOCIAL\" width=\"800\" height=\"1000\" srcset=\"https:\/\/fadeweb.uncoma.edu.ar\/wp-content\/uploads\/2025\/11\/10-DE-DICiembre-2025-819x1024.jpg 819w, https:\/\/fadeweb.uncoma.edu.ar\/wp-content\/uploads\/2025\/11\/10-DE-DICiembre-2025-240x300.jpg 240w, https:\/\/fadeweb.uncoma.edu.ar\/wp-content\/uploads\/2025\/11\/10-DE-DICiembre-2025-768x960.jpg 768w, https:\/\/fadeweb.uncoma.edu.ar\/wp-content\/uploads\/2025\/11\/10-DE-DICiembre-2025.jpg 1080w\" sizes=\"(max-width: 800px) 100vw, 800px\" \/><\/p>\n<p>La FADECS saluda a las\/los profesionales que con su pr\u00e1ctica promueven el cambio y el desarrollo social, la cohesi\u00f3n social, el empoderamiento y la liberaci\u00f3n de las personas. Este reconocimiento al trabajo con empat\u00eda y sentido humano en los campos de la salud, la educaci\u00f3n, la justicia, el desarrollo social y las organizaciones de la sociedad civil, busca destacar el compromiso \u00e9tico-pol\u00edtico del\/la trabajador\/a social con la defensa de los derechos humanos.<\/p>\n","protected":false},"excerpt":{"rendered":"<p>La FADECS saluda a las\/los profesionales que con su pr\u00e1ctica promueven el cambio y el desarrollo social, la cohesi\u00f3n social, el empoderamiento y la liberaci\u00f3n de las personas. Este reconocimiento al trabajo con empat\u00eda y sentido humano en los campos de la salud, la educaci\u00f3n, la justicia, el desarrollo social y las organizaciones de la [&hellip;]<\/p>\n","protected":false},"author":4,"featured_media":27153,"comment_status":"closed","ping_status":"closed","sticky":false,"template":"","format":"standard","meta":{"footnotes":""},"categories":[5],"tags":[],"class_list":["post-27152","post","type-post","status-publish","format-standard","has-post-thumbnail","hentry","category-notifadecs"],"_links":{"self":[{"href":"https:\/\/fadeweb.uncoma.edu.ar\/index.php\/wp-json\/wp\/v2\/posts\/27152","targetHints":{"allow":["GET"]}}],"collection":[{"href":"https:\/\/fadeweb.uncoma.edu.ar\/index.php\/wp-json\/wp\/v2\/posts"}],"about":[{"href":"https:\/\/fadeweb.uncoma.edu.ar\/index.php\/wp-json\/wp\/v2\/types\/post"}],"author":[{"embeddable":true,"href":"https:\/\/fadeweb.uncoma.edu.ar\/index.php\/wp-json\/wp\/v2\/users\/4"}],"replies":[{"embeddable":true,"href":"https:\/\/fadeweb.uncoma.edu.ar\/index.php\/wp-json\/wp\/v2\/comments?post=27152"}],"version-history":[{"count":2,"href":"https:\/\/fadeweb.uncoma.edu.ar\/index.php\/wp-json\/wp\/v2\/posts\/27152\/revisions"}],"predecessor-version":[{"id":27155,"href":"https:\/\/fadeweb.uncoma.edu.ar\/index.php\/wp-json\/wp\/v2\/posts\/27152\/revisions\/27155"}],"wp:featuredmedia":[{"embeddable":true,"href":"https:\/\/fadeweb.uncoma.edu.ar\/index.php\/wp-json\/wp\/v2\/media\/27153"}],"wp:attachment":[{"href":"https:\/\/fadeweb.uncoma.edu.ar\/index.php\/wp-json\/wp\/v2\/media?parent=27152"}],"wp:term":[{"taxonomy":"category","embeddable":true,"href":"https:\/\/fadeweb.uncoma.edu.ar\/index.php\/wp-json\/wp\/v2\/categories?post=27152"},{"taxonomy":"post_tag","embeddable":true,"href":"https:\/\/fadeweb.uncoma.edu.ar\/index.php\/wp-json\/wp\/v2\/tags?post=27152"}],"curies":[{"name":"wp","href":"https:\/\/api.w.org\/{rel}","templated":true}]}}