{"id":27109,"date":"2025-11-20T12:41:30","date_gmt":"2025-11-20T15:41:30","guid":{"rendered":"https:\/\/fadeweb.uncoma.edu.ar\/?p=27109"},"modified":"2025-11-20T12:41:30","modified_gmt":"2025-11-20T15:41:30","slug":"seminario-pais-federal-2025-estudiante-de-fadecs-representara-a-rio-negro-en-programa-nacional-de-liderazgo","status":"publish","type":"post","link":"https:\/\/fadeweb.uncoma.edu.ar\/index.php\/2025\/11\/20\/seminario-pais-federal-2025-estudiante-de-fadecs-representara-a-rio-negro-en-programa-nacional-de-liderazgo\/","title":{"rendered":"Seminario Pa\u00eds Federal 2025 | ESTUDIANTE DE FADECS REPRESENTARA A R\u00cdO NEGRO EN PROGRAMA NACIONAL DE LIDERAZGO"},"content":{"rendered":"<p><img fetchpriority=\"high\" decoding=\"async\" class=\"alignnone wp-image-27110 size-large\" src=\"https:\/\/fadeweb.uncoma.edu.ar\/wp-content\/uploads\/2025\/11\/Seminario-Pais-Federal-2025-1024x938.jpg\" alt=\"&quot;Seminario Pa\u00eds Federal 2025&quot;\nESTUDIANTE DE FADECS REPRESENTA A R\u00cdO NEGRO EN PROGRAMA NACIONAL DE LIDERAZGO\" width=\"800\" height=\"733\" srcset=\"https:\/\/fadeweb.uncoma.edu.ar\/wp-content\/uploads\/2025\/11\/Seminario-Pais-Federal-2025-1024x938.jpg 1024w, https:\/\/fadeweb.uncoma.edu.ar\/wp-content\/uploads\/2025\/11\/Seminario-Pais-Federal-2025-300x275.jpg 300w, https:\/\/fadeweb.uncoma.edu.ar\/wp-content\/uploads\/2025\/11\/Seminario-Pais-Federal-2025-768x703.jpg 768w, https:\/\/fadeweb.uncoma.edu.ar\/wp-content\/uploads\/2025\/11\/Seminario-Pais-Federal-2025.jpg 1474w\" sizes=\"(max-width: 800px) 100vw, 800px\" \/><\/p>\n<p>El estudiante de la FADECS (Abogac\u00eda) Marco Josu\u00e9 Graffigna fue elegido como \u00fanico becario rionegrino para participar del \u00abSeminario Pa\u00eds Federal\u00bb, una capacitaci\u00f3n organizada por la Fundaci\u00f3n Universitaria del R\u00edo de la Plata (FURP). Es una capacitaci\u00f3n integral destinada a estudiantes y graduados de todo el pa\u00eds que tengan vocaci\u00f3n por el liderazgo, ya sea en el sector p\u00fablico o privado, en ONG\u00b4s o en asociaciones civiles.<\/p>\n<p>A lo largo de una semana, 73 j\u00f3venes de todas las provincias y de distinta ideolog\u00eda se reunir\u00e1n en la ciudad de Buenos Aires desde el 24 al 29 de noviembre, para realizar charlas con funcionarios, visitas a instituciones, recorridos por empresas, entre otros eventos. \u00abSiempre que la actividad sea beneficiosa para la universidad, que los j\u00f3venes puedan mostrar sus saberes y puedan representar a la FADECS es bienvenido. Es una oportunidad para conocer gente de todo el pa\u00eds, tanto del sector p\u00fablico como del privado, es la posibilidad de ver otras alternativas eso es lo que nos enriquece\u00bb, dijo el estudiante de FADECS.<\/p>\n","protected":false},"excerpt":{"rendered":"<p>El estudiante de la FADECS (Abogac\u00eda) Marco Josu\u00e9 Graffigna fue elegido como \u00fanico becario rionegrino para participar del \u00abSeminario Pa\u00eds Federal\u00bb, una capacitaci\u00f3n organizada por la Fundaci\u00f3n Universitaria del R\u00edo de la Plata (FURP). Es una capacitaci\u00f3n integral destinada a estudiantes y graduados de todo el pa\u00eds que tengan vocaci\u00f3n por el liderazgo, ya sea [&hellip;]<\/p>\n","protected":false},"author":4,"featured_media":27110,"comment_status":"closed","ping_status":"closed","sticky":false,"template":"","format":"standard","meta":{"footnotes":""},"categories":[5],"tags":[],"class_list":["post-27109","post","type-post","status-publish","format-standard","has-post-thumbnail","hentry","category-notifadecs"],"_links":{"self":[{"href":"https:\/\/fadeweb.uncoma.edu.ar\/index.php\/wp-json\/wp\/v2\/posts\/27109","targetHints":{"allow":["GET"]}}],"collection":[{"href":"https:\/\/fadeweb.uncoma.edu.ar\/index.php\/wp-json\/wp\/v2\/posts"}],"about":[{"href":"https:\/\/fadeweb.uncoma.edu.ar\/index.php\/wp-json\/wp\/v2\/types\/post"}],"author":[{"embeddable":true,"href":"https:\/\/fadeweb.uncoma.edu.ar\/index.php\/wp-json\/wp\/v2\/users\/4"}],"replies":[{"embeddable":true,"href":"https:\/\/fadeweb.uncoma.edu.ar\/index.php\/wp-json\/wp\/v2\/comments?post=27109"}],"version-history":[{"count":1,"href":"https:\/\/fadeweb.uncoma.edu.ar\/index.php\/wp-json\/wp\/v2\/posts\/27109\/revisions"}],"predecessor-version":[{"id":27113,"href":"https:\/\/fadeweb.uncoma.edu.ar\/index.php\/wp-json\/wp\/v2\/posts\/27109\/revisions\/27113"}],"wp:featuredmedia":[{"embeddable":true,"href":"https:\/\/fadeweb.uncoma.edu.ar\/index.php\/wp-json\/wp\/v2\/media\/27110"}],"wp:attachment":[{"href":"https:\/\/fadeweb.uncoma.edu.ar\/index.php\/wp-json\/wp\/v2\/media?parent=27109"}],"wp:term":[{"taxonomy":"category","embeddable":true,"href":"https:\/\/fadeweb.uncoma.edu.ar\/index.php\/wp-json\/wp\/v2\/categories?post=27109"},{"taxonomy":"post_tag","embeddable":true,"href":"https:\/\/fadeweb.uncoma.edu.ar\/index.php\/wp-json\/wp\/v2\/tags?post=27109"}],"curies":[{"name":"wp","href":"https:\/\/api.w.org\/{rel}","templated":true}]}}