{"id":27104,"date":"2025-11-20T11:21:48","date_gmt":"2025-11-20T14:21:48","guid":{"rendered":"https:\/\/fadeweb.uncoma.edu.ar\/?p=27104"},"modified":"2025-11-20T11:21:48","modified_gmt":"2025-11-20T14:21:48","slug":"departamento-docente-informa-calendario-de-concurso-3","status":"publish","type":"post","link":"https:\/\/fadeweb.uncoma.edu.ar\/index.php\/2025\/11\/20\/departamento-docente-informa-calendario-de-concurso-3\/","title":{"rendered":"DEPARTAMENTO DOCENTE INFORMA CALENDARIO DE CONCURSO"},"content":{"rendered":"<p><img fetchpriority=\"high\" decoding=\"async\" class=\"alignnone wp-image-26747 size-large\" src=\"https:\/\/fadeweb.uncoma.edu.ar\/wp-content\/uploads\/2025\/10\/calendario-concurso-819x1024.jpg\" alt=\"DEPARTAMENTO DOCENTE INFORMA CALENDARIO DE CONCURSOS\" width=\"800\" height=\"1000\" srcset=\"https:\/\/fadeweb.uncoma.edu.ar\/wp-content\/uploads\/2025\/10\/calendario-concurso-819x1024.jpg 819w, https:\/\/fadeweb.uncoma.edu.ar\/wp-content\/uploads\/2025\/10\/calendario-concurso-240x300.jpg 240w, https:\/\/fadeweb.uncoma.edu.ar\/wp-content\/uploads\/2025\/10\/calendario-concurso-768x960.jpg 768w, https:\/\/fadeweb.uncoma.edu.ar\/wp-content\/uploads\/2025\/10\/calendario-concurso.jpg 1080w\" sizes=\"(max-width: 800px) 100vw, 800px\" \/><\/p>\n<p dir=\"ltr\">El calendario de concurso correspondiente al llamado aprobado por Resoluci\u00f3n N\u00ba0123\/2025-CD-FDCS y 0413\/2025-DEC-FDCS, para la cobertura de tres (3) cargos de Profesor\/a Adjunto\/a Regular con dedicaci\u00f3n Simple para desempe\u00f1arse en el \u00c1rea:\u00a0<em>Sociolog\u00eda General<\/em>, Orientaci\u00f3n:\u00a0<em>Teor\u00eda<\/em>, perteneciente al Departamento Ciencias Pol\u00edticas y Sociales de esta Facultad de Derecho y Ciencias Sociales,\u00a0seg\u00fan el siguiente\u00a0detalle: dos (2) cargos PAD-3 localizaci\u00f3n General Roca y un (1) cargo PAD-3 localizaci\u00f3n Neuqu\u00e9n.<\/p>\n<ul>\n<li dir=\"ltr\">\n<p dir=\"ltr\">Sorteo del tema y del orden de la entrevista y exposici\u00f3n oral: jueves 27 de noviembre de 2025 a las 13:30 horas.<\/p>\n<\/li>\n<li dir=\"ltr\">\n<p dir=\"ltr\">Entrevista personal y exposici\u00f3n oral: jueves 04 de diciembre de 2025 a las 8 horas.<\/p>\n<\/li>\n<\/ul>\n<p dir=\"ltr\">Ambas instancias se llevar\u00e1n a cabo en el Aula Magna de la Facultad de Derecho y Ciencias Sociales, sita en\u00a0Mendoza 2151 de la ciudad de General Roca, R\u00edo Negro.<\/p>\n","protected":false},"excerpt":{"rendered":"<p>El calendario de concurso correspondiente al llamado aprobado por Resoluci\u00f3n N\u00ba0123\/2025-CD-FDCS y 0413\/2025-DEC-FDCS, para la cobertura de tres (3) cargos de Profesor\/a Adjunto\/a Regular con dedicaci\u00f3n Simple para desempe\u00f1arse en el \u00c1rea:\u00a0Sociolog\u00eda General, Orientaci\u00f3n:\u00a0Teor\u00eda, perteneciente al Departamento Ciencias Pol\u00edticas y Sociales de esta Facultad de Derecho y Ciencias Sociales,\u00a0seg\u00fan el siguiente\u00a0detalle: dos (2) cargos PAD-3 [&hellip;]<\/p>\n","protected":false},"author":4,"featured_media":26747,"comment_status":"closed","ping_status":"closed","sticky":false,"template":"","format":"standard","meta":{"footnotes":""},"categories":[3,5],"tags":[],"class_list":["post-27104","post","type-post","status-publish","format-standard","has-post-thumbnail","hentry","category-concursos","category-notifadecs"],"_links":{"self":[{"href":"https:\/\/fadeweb.uncoma.edu.ar\/index.php\/wp-json\/wp\/v2\/posts\/27104","targetHints":{"allow":["GET"]}}],"collection":[{"href":"https:\/\/fadeweb.uncoma.edu.ar\/index.php\/wp-json\/wp\/v2\/posts"}],"about":[{"href":"https:\/\/fadeweb.uncoma.edu.ar\/index.php\/wp-json\/wp\/v2\/types\/post"}],"author":[{"embeddable":true,"href":"https:\/\/fadeweb.uncoma.edu.ar\/index.php\/wp-json\/wp\/v2\/users\/4"}],"replies":[{"embeddable":true,"href":"https:\/\/fadeweb.uncoma.edu.ar\/index.php\/wp-json\/wp\/v2\/comments?post=27104"}],"version-history":[{"count":1,"href":"https:\/\/fadeweb.uncoma.edu.ar\/index.php\/wp-json\/wp\/v2\/posts\/27104\/revisions"}],"predecessor-version":[{"id":27106,"href":"https:\/\/fadeweb.uncoma.edu.ar\/index.php\/wp-json\/wp\/v2\/posts\/27104\/revisions\/27106"}],"wp:featuredmedia":[{"embeddable":true,"href":"https:\/\/fadeweb.uncoma.edu.ar\/index.php\/wp-json\/wp\/v2\/media\/26747"}],"wp:attachment":[{"href":"https:\/\/fadeweb.uncoma.edu.ar\/index.php\/wp-json\/wp\/v2\/media?parent=27104"}],"wp:term":[{"taxonomy":"category","embeddable":true,"href":"https:\/\/fadeweb.uncoma.edu.ar\/index.php\/wp-json\/wp\/v2\/categories?post=27104"},{"taxonomy":"post_tag","embeddable":true,"href":"https:\/\/fadeweb.uncoma.edu.ar\/index.php\/wp-json\/wp\/v2\/tags?post=27104"}],"curies":[{"name":"wp","href":"https:\/\/api.w.org\/{rel}","templated":true}]}}