{"id":27100,"date":"2025-11-20T10:39:59","date_gmt":"2025-11-20T13:39:59","guid":{"rendered":"https:\/\/fadeweb.uncoma.edu.ar\/?p=27100"},"modified":"2025-11-20T10:39:59","modified_gmt":"2025-11-20T13:39:59","slug":"la-carrera-de-comunicacion-social-abre-producciones-y-debates-a-la-comunidad","status":"publish","type":"post","link":"https:\/\/fadeweb.uncoma.edu.ar\/index.php\/2025\/11\/20\/la-carrera-de-comunicacion-social-abre-producciones-y-debates-a-la-comunidad\/","title":{"rendered":"LA CARRERA DE COMUNICACI\u00d3N SOCIAL ABRE PRODUCCIONES Y DEBATES A LA COMUNIDAD"},"content":{"rendered":"<p><img fetchpriority=\"high\" decoding=\"async\" class=\"alignnone wp-image-27102 size-full\" src=\"https:\/\/fadeweb.uncoma.edu.ar\/wp-content\/uploads\/2025\/11\/macom-1.jpg\" alt=\"LA CARRERA DE COMUNICACI\u00d3N SOCIAL ABRE PRODUCCIONES Y DEBATES A LA COMUNIDAD\n\" width=\"800\" height=\"725\" srcset=\"https:\/\/fadeweb.uncoma.edu.ar\/wp-content\/uploads\/2025\/11\/macom-1.jpg 800w, https:\/\/fadeweb.uncoma.edu.ar\/wp-content\/uploads\/2025\/11\/macom-1-300x272.jpg 300w, https:\/\/fadeweb.uncoma.edu.ar\/wp-content\/uploads\/2025\/11\/macom-1-768x696.jpg 768w\" sizes=\"(max-width: 800px) 100vw, 800px\" \/><\/p>\n<p>El departamento de Comunicaci\u00f3n Social de la FADECS\/UNCo invita a la comunidad de la regi\u00f3n a participar de su muestra anual de producciones y debates, una costumbre que se renueva cada a\u00f1o para abrir las creaciones de la universidad p\u00fablica a la consideraci\u00f3n de la poblaci\u00f3n regional, organizaciones e instituciones p\u00fablicas y privadas.<\/p>\n<p>La Muestra Anual de Comunicaci\u00f3n (Macom25) tendr\u00e1 lugar el jueves 27 de noviembre, de 15 a 21 horas, en el Auditorio de la facultad, ubicado en la intersecci\u00f3n de las calles Mendoza y Per\u00fa<\/p>\n<p><strong>Producciones de los Estudiantes<\/strong><br \/>\nDurante la jornada se podr\u00e1n conocer, escuchar, leer y ver los trabajos realizados por estudiantes en diversas \u00e1reas: visuales, de audio, gr\u00e1ficas y escritas, para diferentes soportes y plataformas.<br \/>\nEntre esas producciones destacan creaciones radiales, televisivas, investigaciones period\u00edsticas, aguafuertes, poes\u00edas y escritos pertenecientes a las \u00e1reas de los lenguajes, entre otras propuestas.<br \/>\nLas \u00e1reas y materias te\u00f3ricas y sociales, compartir\u00e1n debates breves y exposiciones sobre los modos de producir contenidos, abarcando desde textos acad\u00e9micos hasta investigaciones period\u00edsticas.<\/p>\n<p><strong>Transmisi\u00f3n del Evento<\/strong><br \/>\nLa jornada ser\u00e1 transmitida en vivo por estudiantes de todas las orientaciones de la carrera, a trav\u00e9s de la radio FM Antena Libre. Adem\u00e1s, podr\u00e1 seguirse en streaming por el canal de Youtube de la FADECS.<\/p>\n<p>Transmisi\u00f3n v\u00eda Antena Libre (solo audio)<br \/>\n<a href=\"https:\/\/www.antena-libre.com.ar\/radioenvivo\/\">https:\/\/www.antena-libre.com.ar\/radioenvivo\/<\/a><\/p>\n<p>Transmisi\u00f3n v\u00eda Streaming (audio y video)<br \/>\n<a href=\"https:\/\/www.youtube.com\/@FADECSUNComahue\">https:\/\/www.youtube.com\/@FADECSUNComahue<\/a><\/p>\n<p>La invitaci\u00f3n est\u00e1 dirigida a toda la comunidad regional para que conozca, de la mano de los propios estudiantes, las ideas y producciones que surgen desde la carrera de Comunicaci\u00f3n Social.<\/p>\n<p><strong>Cobertura en redes<\/strong><br \/>\nEl equipo de comunicaci\u00f3n organizacional, compuesto por un grupo de estudiantas de la orientaci\u00f3n de Periodismo, Profesorado y Gesti\u00f3n y Producci\u00f3n, estar\u00e1 a cargo de la comunicaci\u00f3n masiva de la #Macom25. Gestionar\u00e1n las estrategias de difusi\u00f3n de la muestra, tanto en la fase de preproducci\u00f3n como en la postproducci\u00f3n, utilizando herramientas digitales, con el objetivo de maximizar la visibilidad de los trabajos estudiantiles realizados durante el a\u00f1o y atraer a la comunidad regional.<\/p>\n<p>Buscar\u00e1n fortalecer el alcance de las cuentas de Antena Libre, adem\u00e1s de reactivar y potenciar la difusi\u00f3n a trav\u00e9s de la cuenta de #SoyCom, que actualmente se encuentra inactiva.<\/p>\n<p>Antena Libre. Instagram: <a href=\"https:\/\/www.instagram.com\/fmantenalibre\/\">https:\/\/www.instagram.com\/fmantenalibre\/<\/a><br \/>\nAntena Libre. Facebook: <a href=\"https:\/\/www.facebook.com\/Radiopublicayuniversitaria\">https:\/\/www.facebook.com\/Radiopublicayuniversitaria<\/a><br \/>\n#SoyCom en Instagram: <a href=\"https:\/\/www.instagram.com\/soycom.unco\/\">https:\/\/www.instagram.com\/soycom.unco\/<\/a><\/p>\n","protected":false},"excerpt":{"rendered":"<p>El departamento de Comunicaci\u00f3n Social de la FADECS\/UNCo invita a la comunidad de la regi\u00f3n a participar de su muestra anual de producciones y debates, una costumbre que se renueva cada a\u00f1o para abrir las creaciones de la universidad p\u00fablica a la consideraci\u00f3n de la poblaci\u00f3n regional, organizaciones e instituciones p\u00fablicas y privadas. La Muestra [&hellip;]<\/p>\n","protected":false},"author":4,"featured_media":27102,"comment_status":"closed","ping_status":"closed","sticky":false,"template":"","format":"standard","meta":{"footnotes":""},"categories":[5],"tags":[],"class_list":["post-27100","post","type-post","status-publish","format-standard","has-post-thumbnail","hentry","category-notifadecs"],"_links":{"self":[{"href":"https:\/\/fadeweb.uncoma.edu.ar\/index.php\/wp-json\/wp\/v2\/posts\/27100","targetHints":{"allow":["GET"]}}],"collection":[{"href":"https:\/\/fadeweb.uncoma.edu.ar\/index.php\/wp-json\/wp\/v2\/posts"}],"about":[{"href":"https:\/\/fadeweb.uncoma.edu.ar\/index.php\/wp-json\/wp\/v2\/types\/post"}],"author":[{"embeddable":true,"href":"https:\/\/fadeweb.uncoma.edu.ar\/index.php\/wp-json\/wp\/v2\/users\/4"}],"replies":[{"embeddable":true,"href":"https:\/\/fadeweb.uncoma.edu.ar\/index.php\/wp-json\/wp\/v2\/comments?post=27100"}],"version-history":[{"count":1,"href":"https:\/\/fadeweb.uncoma.edu.ar\/index.php\/wp-json\/wp\/v2\/posts\/27100\/revisions"}],"predecessor-version":[{"id":27103,"href":"https:\/\/fadeweb.uncoma.edu.ar\/index.php\/wp-json\/wp\/v2\/posts\/27100\/revisions\/27103"}],"wp:featuredmedia":[{"embeddable":true,"href":"https:\/\/fadeweb.uncoma.edu.ar\/index.php\/wp-json\/wp\/v2\/media\/27102"}],"wp:attachment":[{"href":"https:\/\/fadeweb.uncoma.edu.ar\/index.php\/wp-json\/wp\/v2\/media?parent=27100"}],"wp:term":[{"taxonomy":"category","embeddable":true,"href":"https:\/\/fadeweb.uncoma.edu.ar\/index.php\/wp-json\/wp\/v2\/categories?post=27100"},{"taxonomy":"post_tag","embeddable":true,"href":"https:\/\/fadeweb.uncoma.edu.ar\/index.php\/wp-json\/wp\/v2\/tags?post=27100"}],"curies":[{"name":"wp","href":"https:\/\/api.w.org\/{rel}","templated":true}]}}