{"id":27097,"date":"2025-11-20T10:28:00","date_gmt":"2025-11-20T13:28:00","guid":{"rendered":"https:\/\/fadeweb.uncoma.edu.ar\/?p=27097"},"modified":"2025-11-20T10:28:00","modified_gmt":"2025-11-20T13:28:00","slug":"cierre-del-seminario-con-residencia-institucional-en-la-fundacion-kano-general-roca","status":"publish","type":"post","link":"https:\/\/fadeweb.uncoma.edu.ar\/index.php\/2025\/11\/20\/cierre-del-seminario-con-residencia-institucional-en-la-fundacion-kano-general-roca\/","title":{"rendered":"CIERRE DEL SEMINARIO CON RESIDENCIA INSTITUCIONAL EN LA FUNDACI\u00d3N KANO, GENERAL ROCA"},"content":{"rendered":"<p><img fetchpriority=\"high\" decoding=\"async\" class=\"alignnone wp-image-27098 size-large\" src=\"https:\/\/fadeweb.uncoma.edu.ar\/wp-content\/uploads\/2025\/11\/residencia1-1024x768.jpg\" alt=\"CIERRE DEL SEMINARIO CON RESIDENCIA INSTITUCIONAL EN LA FUNDACI\u00d3N KANO, GENERAL ROCA\" width=\"800\" height=\"600\" srcset=\"https:\/\/fadeweb.uncoma.edu.ar\/wp-content\/uploads\/2025\/11\/residencia1-1024x768.jpg 1024w, https:\/\/fadeweb.uncoma.edu.ar\/wp-content\/uploads\/2025\/11\/residencia1-300x225.jpg 300w, https:\/\/fadeweb.uncoma.edu.ar\/wp-content\/uploads\/2025\/11\/residencia1-768x576.jpg 768w, https:\/\/fadeweb.uncoma.edu.ar\/wp-content\/uploads\/2025\/11\/residencia1.jpg 1080w\" sizes=\"(max-width: 800px) 100vw, 800px\" \/><\/p>\n<p>El cierre institucional correspondiente a la carrera de grado en la licenciatura en Trabajo Social en la Fundaci\u00f3n Kano se realiz\u00f3 el 13 de noviembre. Las estudiantes Agustina Novoa y Agostina Goaiquian desarrollaron su experiencia en el acompa\u00f1amiento a personas en situaci\u00f3n de discapacidad en la escuela p\u00fablica de gesti\u00f3n privada. Participaron del encuentro la directora y trabajadora social Ivana Vargas; la coordinadora y psic\u00f3loga de la instituci\u00f3n Lujan Zu\u00f1iga; el coordinador del Centro de d\u00eda Emiliano Nestares y la tallerista Carina Calvo.<\/p>\n<p>Durante la instancia de cierre, las estudiantes compartieron sus reflexiones en torno al proceso formativo desplegado a lo largo del per\u00edodo de residencia. Este espacio permiti\u00f3 habilitar una co-visi\u00f3n cr\u00edtica de la experiencia, recuperando aprendizajes, tensiones y nudos problem\u00e1ticos que resultaron significativos para su formaci\u00f3n profesional.<\/p>\n<p>Entre los aspectos centrales trabajados se destac\u00f3 la necesidad de continuar profundizando en la Educaci\u00f3n Sexual Integral (ESI) y en la formaci\u00f3n de los equipos profesionales en este eje. Se subray\u00f3 que solo desde una perspectiva integral de la sexualidad es posible garantizar el pleno ejercicio de los derechos de las personas con discapacidad, derechos hist\u00f3ricamente vulnerados o directamente negados. En esta l\u00ednea, se consider\u00f3 fundamental sostener intervenciones que articulen el Modelo Social de la Discapacidad con los principios de la ESI, permitiendo construir pr\u00e1cticas situadas y ajustadas a las demandas concretas que emergen en la cotidianidad de la instituci\u00f3n.<\/p>\n<p>Finalmente, se discutieron posibles propuestas de continuidad para el 2026, con el fin de fortalecer el proceso formativo en territorio y consolidar l\u00edneas de trabajo que promuevan intervenciones \u00e9ticas, cr\u00edticas y ancladas en el enfoque de derechos.<\/p>\n","protected":false},"excerpt":{"rendered":"<p>El cierre institucional correspondiente a la carrera de grado en la licenciatura en Trabajo Social en la Fundaci\u00f3n Kano se realiz\u00f3 el 13 de noviembre. Las estudiantes Agustina Novoa y Agostina Goaiquian desarrollaron su experiencia en el acompa\u00f1amiento a personas en situaci\u00f3n de discapacidad en la escuela p\u00fablica de gesti\u00f3n privada. Participaron del encuentro la [&hellip;]<\/p>\n","protected":false},"author":4,"featured_media":27098,"comment_status":"closed","ping_status":"closed","sticky":false,"template":"","format":"standard","meta":{"footnotes":""},"categories":[5],"tags":[],"class_list":["post-27097","post","type-post","status-publish","format-standard","has-post-thumbnail","hentry","category-notifadecs"],"_links":{"self":[{"href":"https:\/\/fadeweb.uncoma.edu.ar\/index.php\/wp-json\/wp\/v2\/posts\/27097","targetHints":{"allow":["GET"]}}],"collection":[{"href":"https:\/\/fadeweb.uncoma.edu.ar\/index.php\/wp-json\/wp\/v2\/posts"}],"about":[{"href":"https:\/\/fadeweb.uncoma.edu.ar\/index.php\/wp-json\/wp\/v2\/types\/post"}],"author":[{"embeddable":true,"href":"https:\/\/fadeweb.uncoma.edu.ar\/index.php\/wp-json\/wp\/v2\/users\/4"}],"replies":[{"embeddable":true,"href":"https:\/\/fadeweb.uncoma.edu.ar\/index.php\/wp-json\/wp\/v2\/comments?post=27097"}],"version-history":[{"count":1,"href":"https:\/\/fadeweb.uncoma.edu.ar\/index.php\/wp-json\/wp\/v2\/posts\/27097\/revisions"}],"predecessor-version":[{"id":27099,"href":"https:\/\/fadeweb.uncoma.edu.ar\/index.php\/wp-json\/wp\/v2\/posts\/27097\/revisions\/27099"}],"wp:featuredmedia":[{"embeddable":true,"href":"https:\/\/fadeweb.uncoma.edu.ar\/index.php\/wp-json\/wp\/v2\/media\/27098"}],"wp:attachment":[{"href":"https:\/\/fadeweb.uncoma.edu.ar\/index.php\/wp-json\/wp\/v2\/media?parent=27097"}],"wp:term":[{"taxonomy":"category","embeddable":true,"href":"https:\/\/fadeweb.uncoma.edu.ar\/index.php\/wp-json\/wp\/v2\/categories?post=27097"},{"taxonomy":"post_tag","embeddable":true,"href":"https:\/\/fadeweb.uncoma.edu.ar\/index.php\/wp-json\/wp\/v2\/tags?post=27097"}],"curies":[{"name":"wp","href":"https:\/\/api.w.org\/{rel}","templated":true}]}}